{"id":14591,"date":"2022-12-29T20:23:51","date_gmt":"2022-12-29T20:23:51","guid":{"rendered":"http:\/\/staging.ibermusicas.org\/?p=14591"},"modified":"2023-01-31T11:31:50","modified_gmt":"2023-01-31T11:31:50","slug":"trashumancias-reune-a-tres-ensambles-latinoamericanos-para-la-realizacion-de-un-concierto-virtual-y-un-laboratorio-de-creacion-con-inteligencia-artificial-aplicada-a-la-musica-contemporanea","status":"publish","type":"post","link":"http:\/\/staging.ibermusicas.org\/index.php\/trashumancias-reune-a-tres-ensambles-latinoamericanos-para-la-realizacion-de-un-concierto-virtual-y-un-laboratorio-de-creacion-con-inteligencia-artificial-aplicada-a-la-musica-contemporanea\/","title":{"rendered":"Trashumancias re\u00fane a tres ensambles latinoamericanos para la realizaci\u00f3n de un concierto virtual y un laboratorio de creaci\u00f3n con Inteligencia artificial aplicada a la m\u00fasica contempor\u00e1nea"},"content":{"rendered":"<p>El proyecto tiene como objetivo la colaboraci\u00f3n, construcci\u00f3n de puentes de di\u00e1logo y gesti\u00f3n internacional entre Colombia, Argentina, Chile y M\u00e9xico en la realizaci\u00f3n de c\u00e1psulas audiovisuales para la difusi\u00f3n y estreno de m\u00fasica contempor\u00e1nea latinoamericana.<\/p>\n<p>&nbsp;<\/p>\n<p>El Colectivo de Compositores y Creadores Colombianos C4 (de Colombia) y el ensamble GEAM (de Argentina) junto al ensamble BorTex (de Colombia) han decidido unir proyectos con el fin de comisionar 6 obras a compositoras\/es latinoamericanas\/os alrededor de la relaci\u00f3n m\u00e1quina \/ humano y el uso de Inteligencia Artificial en la m\u00fasica contempor\u00e1nea.<\/p>\n<p>&nbsp;<\/p>\n<p>Las obras para ensamble pierrot con electr\u00f3nica m\u00e1s ser\u00e1n\u00a0 presentadas dentro del marco del Festival Expresiones Contempor\u00e1neas de M\u00e9xico en paralelo al lanzamiento oficial de la plataforma virtual de colectivo C4 de Colombia.<\/p>\n<p>&nbsp;<\/p>\n<p>&nbsp;<\/p>\n<p><a href=\"https:\/\/www.youtube.com\/channel\/UCF0Nqi1p-4AD5g2EI-lVZgg\">https:\/\/www.youtube.com\/channel\/UCF0Nqi1p-4AD5g2EI-lVZgg<\/a><\/p>\n<p><a href=\"https:\/\/www.instagram.com\/colectivocompositoresc4\/\">https:\/\/www.instagram.com\/colectivocompositoresc4\/<\/a><\/p>\n","protected":false},"excerpt":{"rendered":"<p>El proyecto tiene como objetivo la colaboraci\u00f3n, construcci\u00f3n de puentes de di\u00e1logo y gesti\u00f3n internacional entre Colombia, Argentina, Chile y M\u00e9xico en la realizaci\u00f3n de c\u00e1psulas audiovisuales para la difusi\u00f3n y estreno de m\u00fasica contempor\u00e1nea latinoamericana. &nbsp; El Colectivo de Compositores y Creadores Colombianos C4 (de Colombia) y el ensamble GEAM (de Argentina) junto al [&hellip;]<\/p>\n","protected":false},"author":1,"featured_media":14592,"comment_status":"closed","ping_status":"closed","sticky":false,"template":"","format":"standard","meta":{"footnotes":""},"categories":[53],"tags":[],"class_list":["post-14591","post","type-post","status-publish","format-standard","has-post-thumbnail","hentry","category-noticias-generales"],"lang":"es","translations":{"es":14591,"pt":14594},"pll_sync_post":[],"post_mailing_queue_ids":[],"_links":{"self":[{"href":"http:\/\/staging.ibermusicas.org\/index.php\/wp-json\/wp\/v2\/posts\/14591","targetHints":{"allow":["GET"]}}],"collection":[{"href":"http:\/\/staging.ibermusicas.org\/index.php\/wp-json\/wp\/v2\/posts"}],"about":[{"href":"http:\/\/staging.ibermusicas.org\/index.php\/wp-json\/wp\/v2\/types\/post"}],"author":[{"embeddable":true,"href":"http:\/\/staging.ibermusicas.org\/index.php\/wp-json\/wp\/v2\/users\/1"}],"replies":[{"embeddable":true,"href":"http:\/\/staging.ibermusicas.org\/index.php\/wp-json\/wp\/v2\/comments?post=14591"}],"version-history":[{"count":1,"href":"http:\/\/staging.ibermusicas.org\/index.php\/wp-json\/wp\/v2\/posts\/14591\/revisions"}],"predecessor-version":[{"id":14593,"href":"http:\/\/staging.ibermusicas.org\/index.php\/wp-json\/wp\/v2\/posts\/14591\/revisions\/14593"}],"wp:featuredmedia":[{"embeddable":true,"href":"http:\/\/staging.ibermusicas.org\/index.php\/wp-json\/wp\/v2\/media\/14592"}],"wp:attachment":[{"href":"http:\/\/staging.ibermusicas.org\/index.php\/wp-json\/wp\/v2\/media?parent=14591"}],"wp:term":[{"taxonomy":"category","embeddable":true,"href":"http:\/\/staging.ibermusicas.org\/index.php\/wp-json\/wp\/v2\/categories?post=14591"},{"taxonomy":"post_tag","embeddable":true,"href":"http:\/\/staging.ibermusicas.org\/index.php\/wp-json\/wp\/v2\/tags?post=14591"}],"curies":[{"name":"wp","href":"https:\/\/api.w.org\/{rel}","templated":true}]}}