{"id":14828,"date":"2023-01-31T11:39:20","date_gmt":"2023-01-31T11:39:20","guid":{"rendered":"http:\/\/staging.ibermusicas.org\/?p=14828"},"modified":"2023-02-27T19:03:30","modified_gmt":"2023-02-27T19:03:30","slug":"kalmar-de-la-mar-vencedora-para-o-equador-do-concurso-ibermusicas-de-criacao-de-cancoes-2021-apresenta-seu-album-almatica","status":"publish","type":"post","link":"http:\/\/staging.ibermusicas.org\/index.php\/kalmar-de-la-mar-vencedora-para-o-equador-do-concurso-ibermusicas-de-criacao-de-cancoes-2021-apresenta-seu-album-almatica\/","title":{"rendered":"Kalmar de la mar, vencedora para o Equador do Concurso Iberm\u00fasicas de Cria\u00e7\u00e3o de Can\u00e7\u00f5es 2021, apresenta seu \u00e1lbum Alm\u00e1tica"},"content":{"rendered":"<p>Alm\u00e1tica \u00e9 o primeiro \u00e1lbum de est\u00fadio de Kalmar de la mar. Ap\u00f3s o sucesso de Te vas, que alcan\u00e7ou mais de 8.000 reprodu\u00e7\u00f5es e Agotado com 4.000, vem este \u00e1lbum que explora v\u00e1rios g\u00eaneros musicais ao longo de suas 12 can\u00e7\u00f5es como a rumba flamenca, um son cubano, baladas r\u00edtmicas e at\u00e9 uma milonga em italiano chamada \u00abMi manchi\u00bb.<\/p>\n<p>As can\u00e7\u00f5es desta obra musical relacionam desde o enamoramento, a obsess\u00e3o e o amadurecimento amoroso at\u00e9 diversas situa\u00e7\u00f5es com outros tipos de amor como a fam\u00edlia, a p\u00e1tria e da vida em geral.<\/p>\n<p>A m\u00fasica \u00abMigrante\u00bb, com a qual Kalmar venceu o Concurso Iberm\u00fasicas de Cria\u00e7\u00e3o de Can\u00e7\u00f5es 2021, faz parte do \u00e1lbum.<\/p>\n<p>&nbsp;<\/p>\n<p><iframe title=\"Spotify Embed: Kalmar de la mar\" style=\"border-radius: 12px\" width=\"100%\" height=\"352\" frameborder=\"0\" allowfullscreen allow=\"autoplay; clipboard-write; encrypted-media; fullscreen; picture-in-picture\" loading=\"lazy\" src=\"https:\/\/open.spotify.com\/embed\/artist\/7JfUKhUte5GhFwXVf5sfyd?utm_source=oembed\"><\/iframe><\/p>\n<p><em>\u00a0<\/em><\/p>\n","protected":false},"excerpt":{"rendered":"<p>Alm\u00e1tica \u00e9 o primeiro \u00e1lbum de est\u00fadio de Kalmar de la mar. Ap\u00f3s o sucesso de Te vas, que alcan\u00e7ou mais de 8.000 reprodu\u00e7\u00f5es e Agotado com 4.000, vem este \u00e1lbum que explora v\u00e1rios g\u00eaneros musicais ao longo de suas 12 can\u00e7\u00f5es como a rumba flamenca, um son cubano, baladas r\u00edtmicas e at\u00e9 uma milonga [&hellip;]<\/p>\n","protected":false},"author":1,"featured_media":14826,"comment_status":"closed","ping_status":"closed","sticky":false,"template":"","format":"standard","meta":{"footnotes":""},"categories":[218],"tags":[],"class_list":["post-14828","post","type-post","status-publish","format-standard","has-post-thumbnail","hentry","category-noticias-generales-pt"],"lang":"pt","translations":{"pt":14828,"es":14825},"pll_sync_post":[],"post_mailing_queue_ids":[],"_links":{"self":[{"href":"http:\/\/staging.ibermusicas.org\/index.php\/wp-json\/wp\/v2\/posts\/14828","targetHints":{"allow":["GET"]}}],"collection":[{"href":"http:\/\/staging.ibermusicas.org\/index.php\/wp-json\/wp\/v2\/posts"}],"about":[{"href":"http:\/\/staging.ibermusicas.org\/index.php\/wp-json\/wp\/v2\/types\/post"}],"author":[{"embeddable":true,"href":"http:\/\/staging.ibermusicas.org\/index.php\/wp-json\/wp\/v2\/users\/1"}],"replies":[{"embeddable":true,"href":"http:\/\/staging.ibermusicas.org\/index.php\/wp-json\/wp\/v2\/comments?post=14828"}],"version-history":[{"count":1,"href":"http:\/\/staging.ibermusicas.org\/index.php\/wp-json\/wp\/v2\/posts\/14828\/revisions"}],"predecessor-version":[{"id":14829,"href":"http:\/\/staging.ibermusicas.org\/index.php\/wp-json\/wp\/v2\/posts\/14828\/revisions\/14829"}],"wp:featuredmedia":[{"embeddable":true,"href":"http:\/\/staging.ibermusicas.org\/index.php\/wp-json\/wp\/v2\/media\/14826"}],"wp:attachment":[{"href":"http:\/\/staging.ibermusicas.org\/index.php\/wp-json\/wp\/v2\/media?parent=14828"}],"wp:term":[{"taxonomy":"category","embeddable":true,"href":"http:\/\/staging.ibermusicas.org\/index.php\/wp-json\/wp\/v2\/categories?post=14828"},{"taxonomy":"post_tag","embeddable":true,"href":"http:\/\/staging.ibermusicas.org\/index.php\/wp-json\/wp\/v2\/tags?post=14828"}],"curies":[{"name":"wp","href":"https:\/\/api.w.org\/{rel}","templated":true}]}}