{"id":14830,"date":"2023-01-31T11:42:01","date_gmt":"2023-01-31T11:42:01","guid":{"rendered":"http:\/\/staging.ibermusicas.org\/?p=14830"},"modified":"2023-02-27T19:00:21","modified_gmt":"2023-02-27T19:00:21","slug":"lirica-disidente-de-chile-junto-al-festival-mujeres-en-la-musica-nueva-de-colombia-abren-su-convocatoria-hablemos-de-compositoras","status":"publish","type":"post","link":"http:\/\/staging.ibermusicas.org\/index.php\/lirica-disidente-de-chile-junto-al-festival-mujeres-en-la-musica-nueva-de-colombia-abren-su-convocatoria-hablemos-de-compositoras\/","title":{"rendered":"L\u00edrica Disidente de Chile junto al Festival Mujeres en la M\u00fasica Nueva de Colombia abren su convocatoria \u201cHablemos de compositoras\u201d"},"content":{"rendered":"<p>\u201cHablemos de Compositoras III\u201d considera la grabaci\u00f3n y publicaci\u00f3n de cuatro actividades virtuales que tendr\u00e1n como eje tem\u00e1tico a las mujeres compositoras. Las principales actividades son:<\/p>\n<p>&nbsp;<\/p>\n<ul>\n<li>Convocatoria al concurso \u201c Compositoras Iberoamericanas\u201d<\/li>\n<li>Actividad de apertura: \u201cHablemos de Compositoras\u201d<\/li>\n<li>Conversatorio \u201cHablemos de problem\u00e1ticas de g\u00e9nero\u201d<\/li>\n<li>Grabaci\u00f3n y transmisi\u00f3n de 2 conciertos virtuales presentando en cada uno de ellos 6 obras in\u00e9ditas de compositoras Iberoamericanas (12 obras en total, 1 concierto grabado en Colombia y 1 concierto grabado en Chile)<\/li>\n<\/ul>\n<p>&nbsp;<\/p>\n<p>Hablemos de compositoras III \u201cCiclo de charlas y conciertos virtuales\u201d contin\u00faa las actividades \u201cHablemos de Compositoras I\u201d (2021) y \u201cHablemos de Compositoras II\u201d (2022), creadas e impulsadas por Jubitza G. Nawrath compositora, directora y pianista, junto a la agrupaci\u00f3n L\u00edrica Disidente (Chile).<\/p>\n<p>&nbsp;<\/p>\n<p>Participan de esta iniciativa:<\/p>\n<p>&nbsp;<\/p>\n<p><strong>L\u00edrica Disidente de Chile.<\/strong> Es una organizaci\u00f3n sin fines de lucro que tiene como prop\u00f3sito popularizar el arte, espec\u00edficamente la \u00f3pera. Este prop\u00f3sito es perseguido por distintos medios, considerando el trabajo colaborativo con cantantes, instrumentistas, gestores, estudiantes, compositores, centros culturales, comunidades e individuos<\/p>\n<p>&nbsp;<\/p>\n<p><strong>Festival Mujeres en la M\u00fasica Nueva de Colombia.<\/strong> Es un proyecto que pretende reconocer y visibilizar el trabajo de las mujeres en la m\u00fasica acad\u00e9mica contempor\u00e1nea y experimental, abriendo, adem\u00e1s, posibilidades de estimular la creaci\u00f3n y la colaboraci\u00f3n entre int\u00e9rpretes y compositoras. Este festival nace como respuesta a las condiciones inequitativas que se viven a diario en el medio de las m\u00fasicas en Colombia y el mundo.<\/p>\n<p>&nbsp;<\/p>\n<p>&nbsp;<\/p>\n<p>Del 31 de enero al 31 de marzo. Convocatoria al Concurso para compositoras Iberoamericanas, piezas in\u00e9ditas para voz y piano en @liricadisidente y @festivalmmn o en <a href=\"https:\/\/forms.gle\/ngyn3SxypYULsh26A\">https:\/\/forms.gle\/ngyn3SxypYULsh26A <\/a><\/p>\n","protected":false},"excerpt":{"rendered":"<p>\u201cHablemos de Compositoras III\u201d considera la grabaci\u00f3n y publicaci\u00f3n de cuatro actividades virtuales que tendr\u00e1n como eje tem\u00e1tico a las mujeres compositoras. Las principales actividades son: &nbsp; Convocatoria al concurso \u201c Compositoras Iberoamericanas\u201d Actividad de apertura: \u201cHablemos de Compositoras\u201d Conversatorio \u201cHablemos de problem\u00e1ticas de g\u00e9nero\u201d Grabaci\u00f3n y transmisi\u00f3n de 2 conciertos virtuales presentando en cada [&hellip;]<\/p>\n","protected":false},"author":1,"featured_media":14831,"comment_status":"closed","ping_status":"closed","sticky":false,"template":"","format":"standard","meta":{"footnotes":""},"categories":[53],"tags":[],"class_list":["post-14830","post","type-post","status-publish","format-standard","has-post-thumbnail","hentry","category-noticias-generales"],"lang":"es","translations":{"es":14830,"pt":14833},"pll_sync_post":[],"post_mailing_queue_ids":[],"_links":{"self":[{"href":"http:\/\/staging.ibermusicas.org\/index.php\/wp-json\/wp\/v2\/posts\/14830","targetHints":{"allow":["GET"]}}],"collection":[{"href":"http:\/\/staging.ibermusicas.org\/index.php\/wp-json\/wp\/v2\/posts"}],"about":[{"href":"http:\/\/staging.ibermusicas.org\/index.php\/wp-json\/wp\/v2\/types\/post"}],"author":[{"embeddable":true,"href":"http:\/\/staging.ibermusicas.org\/index.php\/wp-json\/wp\/v2\/users\/1"}],"replies":[{"embeddable":true,"href":"http:\/\/staging.ibermusicas.org\/index.php\/wp-json\/wp\/v2\/comments?post=14830"}],"version-history":[{"count":1,"href":"http:\/\/staging.ibermusicas.org\/index.php\/wp-json\/wp\/v2\/posts\/14830\/revisions"}],"predecessor-version":[{"id":14832,"href":"http:\/\/staging.ibermusicas.org\/index.php\/wp-json\/wp\/v2\/posts\/14830\/revisions\/14832"}],"wp:featuredmedia":[{"embeddable":true,"href":"http:\/\/staging.ibermusicas.org\/index.php\/wp-json\/wp\/v2\/media\/14831"}],"wp:attachment":[{"href":"http:\/\/staging.ibermusicas.org\/index.php\/wp-json\/wp\/v2\/media?parent=14830"}],"wp:term":[{"taxonomy":"category","embeddable":true,"href":"http:\/\/staging.ibermusicas.org\/index.php\/wp-json\/wp\/v2\/categories?post=14830"},{"taxonomy":"post_tag","embeddable":true,"href":"http:\/\/staging.ibermusicas.org\/index.php\/wp-json\/wp\/v2\/tags?post=14830"}],"curies":[{"name":"wp","href":"https:\/\/api.w.org\/{rel}","templated":true}]}}