{"id":14845,"date":"2023-01-31T12:42:01","date_gmt":"2023-01-31T12:42:01","guid":{"rendered":"http:\/\/staging.ibermusicas.org\/?p=14845"},"modified":"2023-02-27T18:59:59","modified_gmt":"2023-02-27T18:59:59","slug":"el-compositor-mexicano-alfredo-sanchez-de-la-luz-inicia-su-trabajo-fantasmata-entre-la-memoria-intermitente-y-el-acontecer-impredecible-del-movimiento","status":"publish","type":"post","link":"http:\/\/staging.ibermusicas.org\/index.php\/el-compositor-mexicano-alfredo-sanchez-de-la-luz-inicia-su-trabajo-fantasmata-entre-la-memoria-intermitente-y-el-acontecer-impredecible-del-movimiento\/","title":{"rendered":"El compositor mexicano Alfredo S\u00e1nchez de la Luz inicia su trabajo \u201cFantasmata: entre la memoria intermitente y el acontecer impredecible del movimiento\u201d"},"content":{"rendered":"<p>Fantasmata: entre la memoria intermitente y el acontecer impredecible del movimiento, consiste en la creaci\u00f3n de dos piezas musicales con medios electr\u00f3nicos y un ensayo que reflexiona en torno al concepto de fantasmata desarrollado por Giorgio Agamben y sus posibles implicaciones con las dos obras musicales que ser\u00e1n creadas. Las piezas y el ensayo se desarrollar\u00e1n dentro del Postgrado en Creaci\u00f3n Sonora de la Universitat de Barcelona.<\/p>\n<p>&nbsp;<\/p>\n<p>Alfredo S\u00e1nchez de la Luz realiz\u00f3 estudios de guitarra cl\u00e1sica en el Centro de Ense\u00f1anza Musical de Barcelona y con el Mtro. Eduardo Casta\u00f1\u00f3n en la Ciudad de M\u00e9xico. Estudi\u00f3 contrapunto y piano en el Taller de Estudios Polif\u00f3nicos del Mtro. Humberto Hern\u00e1ndez Medrano y direcci\u00f3n orquestal con el Mtro. Enrique Barrios. Realiz\u00f3 la Licenciatura en Composici\u00f3n Musical en la Escuela Superior de M\u00fasica del INBA. Su repertorio incluye obras instrumentales, acusm\u00e1ticas, mixtas, electr\u00f3nica en vivo, instalaciones y performance.<\/p>\n<p>&nbsp;<\/p>\n<p>Sus composiciones se han presentado en diversos recintos y festivales: Centro Multimedia, Fonoteca Nacional, Ollin Yoliztli, Bellas Artes, Plaza Legorreta CNA, Blas Galindo, Centro de las Artes de San Luis Potos\u00ed, Festival Internacional Cervantino, Festival Ecos Urbanos, Media Mix Fest, Foro Internacional de M\u00fasica Nueva, entre otros. Fue becario del programa \u201cPr\u00e1cticas de vuelo 2016\u201d del CMMAS y becario del Programa J\u00f3venes Creadores del FONCA 2016-2017.<\/p>\n","protected":false},"excerpt":{"rendered":"<p>Fantasmata: entre la memoria intermitente y el acontecer impredecible del movimiento, consiste en la creaci\u00f3n de dos piezas musicales con medios electr\u00f3nicos y un ensayo que reflexiona en torno al concepto de fantasmata desarrollado por Giorgio Agamben y sus posibles implicaciones con las dos obras musicales que ser\u00e1n creadas. Las piezas y el ensayo se [&hellip;]<\/p>\n","protected":false},"author":1,"featured_media":14846,"comment_status":"closed","ping_status":"closed","sticky":false,"template":"","format":"standard","meta":{"footnotes":""},"categories":[53],"tags":[],"class_list":["post-14845","post","type-post","status-publish","format-standard","has-post-thumbnail","hentry","category-noticias-generales"],"lang":"es","translations":{"es":14845,"pt":14848},"pll_sync_post":[],"post_mailing_queue_ids":[],"_links":{"self":[{"href":"http:\/\/staging.ibermusicas.org\/index.php\/wp-json\/wp\/v2\/posts\/14845","targetHints":{"allow":["GET"]}}],"collection":[{"href":"http:\/\/staging.ibermusicas.org\/index.php\/wp-json\/wp\/v2\/posts"}],"about":[{"href":"http:\/\/staging.ibermusicas.org\/index.php\/wp-json\/wp\/v2\/types\/post"}],"author":[{"embeddable":true,"href":"http:\/\/staging.ibermusicas.org\/index.php\/wp-json\/wp\/v2\/users\/1"}],"replies":[{"embeddable":true,"href":"http:\/\/staging.ibermusicas.org\/index.php\/wp-json\/wp\/v2\/comments?post=14845"}],"version-history":[{"count":1,"href":"http:\/\/staging.ibermusicas.org\/index.php\/wp-json\/wp\/v2\/posts\/14845\/revisions"}],"predecessor-version":[{"id":14847,"href":"http:\/\/staging.ibermusicas.org\/index.php\/wp-json\/wp\/v2\/posts\/14845\/revisions\/14847"}],"wp:featuredmedia":[{"embeddable":true,"href":"http:\/\/staging.ibermusicas.org\/index.php\/wp-json\/wp\/v2\/media\/14846"}],"wp:attachment":[{"href":"http:\/\/staging.ibermusicas.org\/index.php\/wp-json\/wp\/v2\/media?parent=14845"}],"wp:term":[{"taxonomy":"category","embeddable":true,"href":"http:\/\/staging.ibermusicas.org\/index.php\/wp-json\/wp\/v2\/categories?post=14845"},{"taxonomy":"post_tag","embeddable":true,"href":"http:\/\/staging.ibermusicas.org\/index.php\/wp-json\/wp\/v2\/tags?post=14845"}],"curies":[{"name":"wp","href":"https:\/\/api.w.org\/{rel}","templated":true}]}}