{"id":14858,"date":"2023-01-31T12:51:44","date_gmt":"2023-01-31T12:51:44","guid":{"rendered":"http:\/\/staging.ibermusicas.org\/?p=14858"},"modified":"2023-02-27T19:02:18","modified_gmt":"2023-02-27T19:02:18","slug":"o-violonista-mexicano-jorge-antonio-ancheyta-segovia-inicia-seu-projeto-o-violao-classico-na-centroamerica","status":"publish","type":"post","link":"http:\/\/staging.ibermusicas.org\/index.php\/o-violonista-mexicano-jorge-antonio-ancheyta-segovia-inicia-seu-projeto-o-violao-classico-na-centroamerica\/","title":{"rendered":"O violonista mexicano Jorge Antonio Ancheyta Segovia inicia seu projeto \u00abO Viol\u00e3o Cl\u00e1ssico na Centroam\u00e9rica\u00bb"},"content":{"rendered":"<p>O Viol\u00e3o Cl\u00e1ssico na\u00a0 Centroam\u00e9rica\u00a0 \u00e9 um projeto cujo conceito art\u00edstico \u00e9 divulgar o repert\u00f3rio contempor\u00e2neo para viol\u00e3o cl\u00e1ssico dos principais compositores que representam as regi\u00f5es da Centroam\u00e9rica.<\/p>\n<p>&nbsp;<\/p>\n<p>Para realizar este projeto, Jorge Antonio Ancheyta Segovia frequentar\u00e1 o programa de Forma\u00e7\u00e3o Musical oferecido pelo Conservat\u00f3rio Liceu de Barcelona, \u200b\u200b\u200b\u200bEspanha, que lhe permitir\u00e1 trabalhar o repert\u00f3rio junto com o maestro Guillem P\u00e9rez-Quer, a fim de alcan\u00e7ar os mais altos padr\u00f5es de interpreta\u00e7\u00e3o musical.<\/p>\n<p>&nbsp;<\/p>\n<p>As atividades que ser\u00e3o realizadas durante os quatro meses que dura o programa s\u00e3o as seguintes:<\/p>\n<p>&nbsp;<\/p>\n<ul>\n<li>15 sess\u00f5es de instru\u00e7\u00e3o com o professor Guillem P\u00e9rez Quer onde ser\u00e3o trabalhadas as obras do repert\u00f3rio, bem como a t\u00e9cnica do viol\u00e3o.<\/li>\n<li>Comparecimento \u00e0 Masterclass oferecida pelo programa do Conservat\u00f3rio com professores visitantes internacionais.<\/li>\n<li>Participa\u00e7\u00e3o em conjuntos de m\u00fasica de c\u00e2mara do conservat\u00f3rio.<\/li>\n<li>Assist\u00eancia a concertos de alunos e artistas convidados do conservat\u00f3rio.<\/li>\n<li>Realiza\u00e7\u00e3o do concerto final onde ser\u00e3o apresentados os trabalhos realizados durante o programa.<\/li>\n<\/ul>\n<p>&nbsp;<\/p>\n<p>Jorge Antonio Ancheyta Segovia \u00e9 formado pela Escola Superior de M\u00fasica INBA do Centro Nacional de Artes. Estudou viol\u00e3o na cadeira do maestro Jos\u00e9 Francisco G\u00f3mez P\u00e9rez. Ao longo de sua forma\u00e7\u00e3o colaborou com jovens compositores na estreia de obras de diversos estilos que v\u00e3o da escrita cl\u00e1ssica tradicional \u00e0 experimental, por sua vez tem colaborado em diferentes conjuntos de m\u00fasica de c\u00e2mara e como m\u00fasico de sess\u00e3o em produ\u00e7\u00f5es discogr\u00e1ficas independentes e grava\u00e7\u00f5es para o Instituto SAE. Seu repert\u00f3rio \u00e9 composto principalmente por m\u00fasica latino-americana contempor\u00e2nea.<\/p>\n<p>&nbsp;<\/p>\n<p>Uma vez criadas as pe\u00e7as musicais, elas ser\u00e3o apresentadas em junho na Universidade de Barcelona, Espanha.<\/p>\n","protected":false},"excerpt":{"rendered":"<p>O Viol\u00e3o Cl\u00e1ssico na\u00a0 Centroam\u00e9rica\u00a0 \u00e9 um projeto cujo conceito art\u00edstico \u00e9 divulgar o repert\u00f3rio contempor\u00e2neo para viol\u00e3o cl\u00e1ssico dos principais compositores que representam as regi\u00f5es da Centroam\u00e9rica. &nbsp; Para realizar este projeto, Jorge Antonio Ancheyta Segovia frequentar\u00e1 o programa de Forma\u00e7\u00e3o Musical oferecido pelo Conservat\u00f3rio Liceu de Barcelona, \u200b\u200b\u200b\u200bEspanha, que lhe permitir\u00e1 trabalhar o [&hellip;]<\/p>\n","protected":false},"author":1,"featured_media":14856,"comment_status":"closed","ping_status":"closed","sticky":false,"template":"","format":"standard","meta":{"footnotes":""},"categories":[218],"tags":[],"class_list":["post-14858","post","type-post","status-publish","format-standard","has-post-thumbnail","hentry","category-noticias-generales-pt"],"lang":"pt","translations":{"pt":14858,"es":14855},"pll_sync_post":[],"post_mailing_queue_ids":[],"_links":{"self":[{"href":"http:\/\/staging.ibermusicas.org\/index.php\/wp-json\/wp\/v2\/posts\/14858","targetHints":{"allow":["GET"]}}],"collection":[{"href":"http:\/\/staging.ibermusicas.org\/index.php\/wp-json\/wp\/v2\/posts"}],"about":[{"href":"http:\/\/staging.ibermusicas.org\/index.php\/wp-json\/wp\/v2\/types\/post"}],"author":[{"embeddable":true,"href":"http:\/\/staging.ibermusicas.org\/index.php\/wp-json\/wp\/v2\/users\/1"}],"replies":[{"embeddable":true,"href":"http:\/\/staging.ibermusicas.org\/index.php\/wp-json\/wp\/v2\/comments?post=14858"}],"version-history":[{"count":1,"href":"http:\/\/staging.ibermusicas.org\/index.php\/wp-json\/wp\/v2\/posts\/14858\/revisions"}],"predecessor-version":[{"id":14859,"href":"http:\/\/staging.ibermusicas.org\/index.php\/wp-json\/wp\/v2\/posts\/14858\/revisions\/14859"}],"wp:featuredmedia":[{"embeddable":true,"href":"http:\/\/staging.ibermusicas.org\/index.php\/wp-json\/wp\/v2\/media\/14856"}],"wp:attachment":[{"href":"http:\/\/staging.ibermusicas.org\/index.php\/wp-json\/wp\/v2\/media?parent=14858"}],"wp:term":[{"taxonomy":"category","embeddable":true,"href":"http:\/\/staging.ibermusicas.org\/index.php\/wp-json\/wp\/v2\/categories?post=14858"},{"taxonomy":"post_tag","embeddable":true,"href":"http:\/\/staging.ibermusicas.org\/index.php\/wp-json\/wp\/v2\/tags?post=14858"}],"curies":[{"name":"wp","href":"https:\/\/api.w.org\/{rel}","templated":true}]}}