{"id":14944,"date":"2023-02-27T19:19:45","date_gmt":"2023-02-27T19:19:45","guid":{"rendered":"http:\/\/staging.ibermusicas.org\/?p=14944"},"modified":"2023-04-03T11:27:09","modified_gmt":"2023-04-03T11:27:09","slug":"marcos-exposito-de-uruguay-y-gaddafi-nunez-de-peru-presentan-el-herida-oscura-el-segundo-corte-de-su-trabajo-chabuca-negra","status":"publish","type":"post","link":"http:\/\/staging.ibermusicas.org\/index.php\/marcos-exposito-de-uruguay-y-gaddafi-nunez-de-peru-presentan-el-herida-oscura-el-segundo-corte-de-su-trabajo-chabuca-negra\/","title":{"rendered":"Marcos Exp\u00f3sito de Uruguay y Gaddafi N\u00fa\u00f1ez de Per\u00fa presentan el Herida Oscura, el segundo corte de su trabajo Chabuca Negra"},"content":{"rendered":"<p>Los principales objetivos de este trabajo han sido revisar la etapa \u00abafroperuana\u00bb de la compositora, dar continuidad al proceso de difusi\u00f3n de la obra de Chabuca Granda y fortalecer la hermandad entre las diferentes tradiciones afro-sudamericanas, sum\u00e1ndose, como forma de innovaci\u00f3n e di\u00e1logo intercultural, el relacionar estas composiciones con otros ritmos iberoamericanos de origen afro (como el Candombe de Uruguay, la Milonga o el Ajechao).<\/p>\n<p>&nbsp;<\/p>\n<p>Marcos Exp\u00f3xito comienza a estudiar bajo el\u00e9ctrico en 2003 con Ignacio Echeverr\u00eda y luego con Federico Righi. Ha tomado clases puntuales de bajo y contrabajo con Arthur Maia (Gilberto Gil, Djavan) y Bruno Aguilar (Hamilton de Holanda, Mar\u00eda Bethania, Bamboo), Marcos Machado (Brasil\/USA), Diego Zechar\u00edes (Uruguay\/Espa\u00f1a), Felipe Pumarada (Per\u00fa), Mariano Ly (Per\u00fa), Gerardo Alonso (Uruguay) y Jorge Pi (Uruguay). En 2009 ingresa en la EUM (Escuela Universitaria de M\u00fasica) donde estudia 2 a\u00f1os contrabajo cl\u00e1sico con Carlos Weiske y paralelamente con el maestro Roberto De Bellis. En 2017 se grad\u00faa en la carrera de M\u00fasica Popular Brasilera y Jazz en el Conservatorio Tatu\u00ed \/ S\u00e3o Paulo. Ha participado en shows y en festivales en Uruguay, Argentina, Chile, Brasil, Per\u00fa, Panam\u00e1, Espa\u00f1a, Rep. Checa, Alemania, Polonia y Palestina. Como m\u00fasico de sesi\u00f3n ha grabado en m\u00e1s de 15 discos, adem\u00e1s de sus discos autorales. Se ha desempe\u00f1ado como profesor particular de m\u00fasica desde los 19 a\u00f1os y durante el a\u00f1o 2018 fue profesor de la escuela Jazz a la Calle en Mercedes, Soriano. En abril del 2021 edit\u00f3 su primer libro, una co-autor\u00eda con Nacho Mateu. El libro que se llama \u00abLos bajos del Candombe\u00bb es una pieza de 408 p\u00e1ginas dedicadas al estudio del bajo en esta tradici\u00f3n afro-uruguaya. En la actualidad, vive a las afueras de Barcelona, donde contin\u00faa trabajando como docente y m\u00fasico de sesi\u00f3n, as\u00ed como productor y director musical en varios proyectos de la escena espa\u00f1ola.<\/p>\n<p>&nbsp;<\/p>\n<p>Gaddafi N\u00fa\u00f1ez es m\u00fasico, compositor, productor y comunicador peruano. Desde el a\u00f1o 2002 vive en Barcelona, donde se dedica a la creaci\u00f3n y difusi\u00f3n de proyectos musicales de ra\u00edz latinoamericana principalmente. Estudi\u00f3 la carrera de Comunicaci\u00f3n Audiovisual Publicitaria y ha complementado su formaci\u00f3n art\u00edstica participando en talleres y cursos de composici\u00f3n, armon\u00eda, canto, teatro, fotograf\u00eda y clown. Es creador e impulsor de innumerables proyectos musicales entre los cuales podemos mencionar: Sakapat\u00fa, Galeano Encendido (Espect\u00e1culo musical homenaje al escritor Eduardo Galeano), Ana Garc\u00eda y Gaddafi N\u00fa\u00f1ez D\u00fao, Olumb\u00e9 M\u00fasica Afroperuana, Costa Mulata, as\u00ed como su carrera de cantautor con 5 discos editados: M\u00e1s All\u00e1 de tus ojos (1999), Collage (2011), Certeza (2013), Galeano Encendido (2016) y Late (2021). Ha tenido la oportunidad de mostrar su trabajo en los principales teatros, auditorios y festivales de Espa\u00f1a, as\u00ed como tambi\u00e9n en Per\u00fa, Francia, M\u00e9xico, B\u00e9lgica, Argelia, Italia, Argentina, Suiza, Holanda, Grecia, Alemania, Colombia, Portugal, entre otros pa\u00edses. Su composici\u00f3n \u201cNi\u00f1a de Lana\u201d (Ana Garc\u00eda y Gaddafi Nu\u00f1ez d\u00fao) fue incluida por la organizaci\u00f3n Amnist\u00eda Internacional en el disco doble editado por el d\u00eda de los derechos humanos. Ha sido parte de la programaci\u00f3n del reconocido Festival de Canci\u00f3n de Autor BarnaSants durante los a\u00f1os 2014, 2015, 2017, 2018 y 2021.<\/p>\n<p>&nbsp;<\/p>\n<p>Este trabajo cuenta con la participaci\u00f3n de Eliseo Parra, Federico Blois, Luana Baptista, Melan\u00ed Luraschi, \u00c1lvaro Ponce de Le\u00f3n, Anna Colom y Fran Lucas como artistas invitados.<\/p>\n<p>&nbsp;<\/p>\n<p>&nbsp;<\/p>\n<p>Ver y escuchar en:\u00a0 <a href=\"https:\/\/orcd.co\/heridaoscura\">https:\/\/orcd.co\/heridaoscura<\/a><\/p>\n","protected":false},"excerpt":{"rendered":"<p>Los principales objetivos de este trabajo han sido revisar la etapa \u00abafroperuana\u00bb de la compositora, dar continuidad al proceso de difusi\u00f3n de la obra de Chabuca Granda y fortalecer la hermandad entre las diferentes tradiciones afro-sudamericanas, sum\u00e1ndose, como forma de innovaci\u00f3n e di\u00e1logo intercultural, el relacionar estas composiciones con otros ritmos iberoamericanos de origen afro [&hellip;]<\/p>\n","protected":false},"author":1,"featured_media":14945,"comment_status":"closed","ping_status":"closed","sticky":false,"template":"","format":"standard","meta":{"footnotes":""},"categories":[53],"tags":[],"class_list":["post-14944","post","type-post","status-publish","format-standard","has-post-thumbnail","hentry","category-noticias-generales"],"lang":"es","translations":{"es":14944,"pt":14947},"pll_sync_post":[],"post_mailing_queue_ids":[],"_links":{"self":[{"href":"http:\/\/staging.ibermusicas.org\/index.php\/wp-json\/wp\/v2\/posts\/14944","targetHints":{"allow":["GET"]}}],"collection":[{"href":"http:\/\/staging.ibermusicas.org\/index.php\/wp-json\/wp\/v2\/posts"}],"about":[{"href":"http:\/\/staging.ibermusicas.org\/index.php\/wp-json\/wp\/v2\/types\/post"}],"author":[{"embeddable":true,"href":"http:\/\/staging.ibermusicas.org\/index.php\/wp-json\/wp\/v2\/users\/1"}],"replies":[{"embeddable":true,"href":"http:\/\/staging.ibermusicas.org\/index.php\/wp-json\/wp\/v2\/comments?post=14944"}],"version-history":[{"count":1,"href":"http:\/\/staging.ibermusicas.org\/index.php\/wp-json\/wp\/v2\/posts\/14944\/revisions"}],"predecessor-version":[{"id":14946,"href":"http:\/\/staging.ibermusicas.org\/index.php\/wp-json\/wp\/v2\/posts\/14944\/revisions\/14946"}],"wp:featuredmedia":[{"embeddable":true,"href":"http:\/\/staging.ibermusicas.org\/index.php\/wp-json\/wp\/v2\/media\/14945"}],"wp:attachment":[{"href":"http:\/\/staging.ibermusicas.org\/index.php\/wp-json\/wp\/v2\/media?parent=14944"}],"wp:term":[{"taxonomy":"category","embeddable":true,"href":"http:\/\/staging.ibermusicas.org\/index.php\/wp-json\/wp\/v2\/categories?post=14944"},{"taxonomy":"post_tag","embeddable":true,"href":"http:\/\/staging.ibermusicas.org\/index.php\/wp-json\/wp\/v2\/tags?post=14944"}],"curies":[{"name":"wp","href":"https:\/\/api.w.org\/{rel}","templated":true}]}}