{"id":14947,"date":"2023-02-27T19:22:49","date_gmt":"2023-02-27T19:22:49","guid":{"rendered":"http:\/\/staging.ibermusicas.org\/?p=14947"},"modified":"2023-04-03T11:21:29","modified_gmt":"2023-04-03T11:21:29","slug":"marcos-exposito-do-uruguay-e-gaddafi-nunez-do-peru-apresentam-herida-oscura-a-segunda-faixa-do-seu-trabalho-chabuca-negra","status":"publish","type":"post","link":"http:\/\/staging.ibermusicas.org\/index.php\/marcos-exposito-do-uruguay-e-gaddafi-nunez-do-peru-apresentam-herida-oscura-a-segunda-faixa-do-seu-trabalho-chabuca-negra\/","title":{"rendered":"Marcos Exp\u00f3sito do Uruguay e Gaddafi N\u00fa\u00f1ez do Peru apresentam Herida Oscura a segunda faixa do seu trabalho Chabuca Negra"},"content":{"rendered":"<p>Os principais objetivos deste trabalho foram revisar a etapa \u00abafroperuana\u00bb da compositora, dar continuidade ao processo de difus\u00e3o da obra de Chabuca Granda e fortalecer a irmandade entre as diferentes tradi\u00e7\u00f5es afro-sul-americanas, unindo, como forma de inova\u00e7\u00e3o e di\u00e1logo intercultural, relacionando essas composi\u00e7\u00f5es com outros ritmos iberoamericanos de origem afro (como o Candombe do Uruguay, a Milonga ou o Ajechao).<\/p>\n<p>Marcos Exposito come\u00e7ou a estudar contrabaixo el\u00e9trico em 2003 com Ignacio Echeverr\u00eda e depois com Federico Righi. Teve aulas ocasionais de baixo e contrabaixo com Arthur Maia (Gilberto Gil, Djavan) e Bruno Aguilar (Hamilton de Holanda, Mar\u00eda Beth\u00e2nia, Bamboo), Marcos Machado (Brasil\/EUA), Diego Zechar\u00edes (Uruguay\/Espaha), Felipe Pumarada (Per\u00fa), Mariano Ly (Per\u00fa), Gerardo Alonso (Uruguai) e Jorge Pi (Uruguay). Em 2009 ingressou na EUM (Escola Universit\u00e1ria de M\u00fasica) onde estudou contrabaixo cl\u00e1ssico durante 2 anos com Carlos Weiske e em paralelo com o professor Roberto De Bellis. Em 2017 formou-se em M\u00fasica Popular Brasileira e Jazz no Conservat\u00f3rio de Tatu\u00ed\/S\u00e3o Paulo. J\u00e1 participou de shows e festivais no Uruguai, Argentina, Chile, Brasil, Peru, Panam\u00e1, Espanha, Rep\u00fablica Tcheca, Alemanha, Pol\u00f4nia e Palestina. Como m\u00fasico de sess\u00e3o, gravou em mais de 15 discos, al\u00e9m de discos de autor. Trabalha como professor particular de m\u00fasica desde os 19 anos e em 2018 foi professor na escola Jazz a la Calle em Mercedes, Soriano. Em abril de 2021, publicou o seu primeiro livro, em coautoria com Nacho Mateu. O livro \u00abLos Bajos del Candombe\u00bb \u00e9 uma obra de 408 p\u00e1ginas dedicada ao estudo do baixo nesta tradi\u00e7\u00e3o afro-uruguaia. Atualmente, vive nos arredores de Barcelona, \u200b\u200b\u200b\u200bonde continua a trabalhar como professor e m\u00fasico de sess\u00e3o, al\u00e9m de produtor e diretor musical em v\u00e1rios projetos na cena espanhola.<\/p>\n<p>Gaddafi N\u00fa\u00f1ez \u00e9 um m\u00fasico, compositor, produtor e comunicador peruano. Desde 2002 vive em Barcelona, \u200b\u200b\u200b\u200bonde se dedica \u00e0 cria\u00e7\u00e3o e difus\u00e3o de projetos musicais com ra\u00edzes latinoamericanas principalmente. \u00c9 formado em Comunica\u00e7\u00e3o Publicit\u00e1ria e Audiovisual e tem complementando sua forma\u00e7\u00e3o art\u00edstica participando de oficinas e cursos de composi\u00e7\u00e3o, harmonia, canto, teatro, fotografia e palha\u00e7o. \u00c9 criador e promotor de in\u00fameros projetos musicais, entre os quais podemos citar: Sakapat\u00fa, Galeano Encendido (show musical em homenagem ao escritor Eduardo Galeano), Ana Garc\u00eda y Gaddafi N\u00fa\u00f1ez D\u00fao, Olumb\u00e9 M\u00fasica Afroperuana, Costa Mulata, al\u00e9m de sua carreira como cantor e compositor com 5 \u00c1lbuns lan\u00e7ados: M\u00e1s All\u00e1 de tus ojos (1999), Collage (2011), Certeza (2013), Galeano Encendido (2016) e Late (2021). Teve oportunidade de mostrar o seu trabalho nos principais teatros, audit\u00f3rios e festivais em Espanha, bem como no Peru, Fran\u00e7a, M\u00e9xico, B\u00e9lgica, Arg\u00e9lia, It\u00e1lia, Argentina, Su\u00ed\u00e7a, Holanda, Gr\u00e9cia, Alemanha, Col\u00f4mbia, Portugal, entre outros pa\u00edses. Sua composi\u00e7\u00e3o \u201cNi\u00f1a de Lana\u201d (Ana Garc\u00eda e Gaddafi Nu\u00f1ez duo) foi inclu\u00edda pela organiza\u00e7\u00e3o Anistia Internacional no disco duplo lan\u00e7ado para o Dia dos Direitos Humanos. Fez parte da programa\u00e7\u00e3o do renomado Festival da Can\u00e7\u00e3o de Autor BarnaSants durante os anos de 2014, 2015, 2017, 2018 e 2021.<\/p>\n<p>Este trabalho tem a participa\u00e7\u00e3o de Eliseo Parra, Federico Blois, Luana Baptista, Melan\u00ed Luraschi, \u00c1lvaro Ponce de Le\u00f3n, Anna Colom e Fran Lucas como artistas convidados.<\/p>\n<p>&nbsp;<\/p>\n<p>Ver e ouvir em: <a href=\"https:\/\/orcd.co\/heridaoscura\">https:\/\/orcd.co\/heridaoscura<\/a><\/p>\n","protected":false},"excerpt":{"rendered":"<p>Os principais objetivos deste trabalho foram revisar a etapa \u00abafroperuana\u00bb da compositora, dar continuidade ao processo de difus\u00e3o da obra de Chabuca Granda e fortalecer a irmandade entre as diferentes tradi\u00e7\u00f5es afro-sul-americanas, unindo, como forma de inova\u00e7\u00e3o e di\u00e1logo intercultural, relacionando essas composi\u00e7\u00f5es com outros ritmos iberoamericanos de origem afro (como o Candombe do Uruguay, [&hellip;]<\/p>\n","protected":false},"author":1,"featured_media":14945,"comment_status":"closed","ping_status":"closed","sticky":false,"template":"","format":"standard","meta":{"footnotes":""},"categories":[218],"tags":[],"class_list":["post-14947","post","type-post","status-publish","format-standard","has-post-thumbnail","hentry","category-noticias-generales-pt"],"lang":"pt","translations":{"pt":14947,"es":14944},"pll_sync_post":[],"post_mailing_queue_ids":[],"_links":{"self":[{"href":"http:\/\/staging.ibermusicas.org\/index.php\/wp-json\/wp\/v2\/posts\/14947","targetHints":{"allow":["GET"]}}],"collection":[{"href":"http:\/\/staging.ibermusicas.org\/index.php\/wp-json\/wp\/v2\/posts"}],"about":[{"href":"http:\/\/staging.ibermusicas.org\/index.php\/wp-json\/wp\/v2\/types\/post"}],"author":[{"embeddable":true,"href":"http:\/\/staging.ibermusicas.org\/index.php\/wp-json\/wp\/v2\/users\/1"}],"replies":[{"embeddable":true,"href":"http:\/\/staging.ibermusicas.org\/index.php\/wp-json\/wp\/v2\/comments?post=14947"}],"version-history":[{"count":1,"href":"http:\/\/staging.ibermusicas.org\/index.php\/wp-json\/wp\/v2\/posts\/14947\/revisions"}],"predecessor-version":[{"id":14948,"href":"http:\/\/staging.ibermusicas.org\/index.php\/wp-json\/wp\/v2\/posts\/14947\/revisions\/14948"}],"wp:featuredmedia":[{"embeddable":true,"href":"http:\/\/staging.ibermusicas.org\/index.php\/wp-json\/wp\/v2\/media\/14945"}],"wp:attachment":[{"href":"http:\/\/staging.ibermusicas.org\/index.php\/wp-json\/wp\/v2\/media?parent=14947"}],"wp:term":[{"taxonomy":"category","embeddable":true,"href":"http:\/\/staging.ibermusicas.org\/index.php\/wp-json\/wp\/v2\/categories?post=14947"},{"taxonomy":"post_tag","embeddable":true,"href":"http:\/\/staging.ibermusicas.org\/index.php\/wp-json\/wp\/v2\/tags?post=14947"}],"curies":[{"name":"wp","href":"https:\/\/api.w.org\/{rel}","templated":true}]}}