{"id":14949,"date":"2023-02-27T19:30:10","date_gmt":"2023-02-27T19:30:10","guid":{"rendered":"http:\/\/staging.ibermusicas.org\/?p=14949"},"modified":"2023-02-27T19:30:10","modified_gmt":"2023-02-27T19:30:10","slug":"el-contrabajista-uruguayo-radicado-en-brasil-facundo-estefanell-inicia-su-especializacion-en-contrabajo-para-tango-en-la-ciudad-de-buenos-aires-argentina","status":"publish","type":"post","link":"http:\/\/staging.ibermusicas.org\/index.php\/el-contrabajista-uruguayo-radicado-en-brasil-facundo-estefanell-inicia-su-especializacion-en-contrabajo-para-tango-en-la-ciudad-de-buenos-aires-argentina\/","title":{"rendered":"El contrabajista uruguayo radicado en Brasil, Facundo Estefanell, inicia su especializaci\u00f3n en contrabajo para tango en la Ciudad de Buenos Aires, Argentina"},"content":{"rendered":"<p>El contrabajista sanducero Facundo Estefanell, de carrera internacional, llega hoy con este proyecto para ampliar los conocimientos tangueros en la ciudad en la cual el tango se respira, Buenos Aires, Argentina, estudiando con el gran maestro Pablo Motta, en un mes de clases intensivo, donde se profundizar\u00e1 en el lenguaje del tango vivenciando con m\u00fasicos argentinos<\/p>\n<p>&nbsp;<\/p>\n<p>Este proyecto tiene por objeto el perfeccionamiento de la t\u00e9cnica del contrabajo usado en el tango, as\u00ed como la recuperaci\u00f3n de la cultura del tango, para continuar llevando la cultura uruguaya y argentina por el mundo.<\/p>\n<p>&nbsp;<\/p>\n<p>Facundo Estefanell, contrabajista con un estilo innovador en la forma de tocar el contrabajo ac\u00fastico, destaca como compositor e instrumentista en la escena del jazz de R\u00edo de Janeiro. Lanz\u00f3 su segundo \u00e1lbum Ra\u00edces Contempor\u00e1neas, ganador del premio Iberm\u00fasica, un disco que recupera el folclore uruguayo mezclado con t\u00e9cnicas de m\u00fasica cl\u00e1sica en un ambiente de jazz. Dotado de una pluralidad musical, versatilidad de ritmos e ideas originales en el bajo ac\u00fastico. Facundo transita con naturalidad por la sonoridad uruguaya y brasile\u00f1a sin perder su identidad, creando as\u00ed un nuevo folclore.<\/p>\n","protected":false},"excerpt":{"rendered":"<p>El contrabajista sanducero Facundo Estefanell, de carrera internacional, llega hoy con este proyecto para ampliar los conocimientos tangueros en la ciudad en la cual el tango se respira, Buenos Aires, Argentina, estudiando con el gran maestro Pablo Motta, en un mes de clases intensivo, donde se profundizar\u00e1 en el lenguaje del tango vivenciando con m\u00fasicos [&hellip;]<\/p>\n","protected":false},"author":1,"featured_media":12379,"comment_status":"closed","ping_status":"closed","sticky":false,"template":"","format":"standard","meta":{"footnotes":""},"categories":[53],"tags":[],"class_list":["post-14949","post","type-post","status-publish","format-standard","has-post-thumbnail","hentry","category-noticias-generales"],"lang":"es","translations":{"es":14949,"pt":14951},"pll_sync_post":[],"post_mailing_queue_ids":[],"_links":{"self":[{"href":"http:\/\/staging.ibermusicas.org\/index.php\/wp-json\/wp\/v2\/posts\/14949","targetHints":{"allow":["GET"]}}],"collection":[{"href":"http:\/\/staging.ibermusicas.org\/index.php\/wp-json\/wp\/v2\/posts"}],"about":[{"href":"http:\/\/staging.ibermusicas.org\/index.php\/wp-json\/wp\/v2\/types\/post"}],"author":[{"embeddable":true,"href":"http:\/\/staging.ibermusicas.org\/index.php\/wp-json\/wp\/v2\/users\/1"}],"replies":[{"embeddable":true,"href":"http:\/\/staging.ibermusicas.org\/index.php\/wp-json\/wp\/v2\/comments?post=14949"}],"version-history":[{"count":1,"href":"http:\/\/staging.ibermusicas.org\/index.php\/wp-json\/wp\/v2\/posts\/14949\/revisions"}],"predecessor-version":[{"id":14950,"href":"http:\/\/staging.ibermusicas.org\/index.php\/wp-json\/wp\/v2\/posts\/14949\/revisions\/14950"}],"wp:featuredmedia":[{"embeddable":true,"href":"http:\/\/staging.ibermusicas.org\/index.php\/wp-json\/wp\/v2\/media\/12379"}],"wp:attachment":[{"href":"http:\/\/staging.ibermusicas.org\/index.php\/wp-json\/wp\/v2\/media?parent=14949"}],"wp:term":[{"taxonomy":"category","embeddable":true,"href":"http:\/\/staging.ibermusicas.org\/index.php\/wp-json\/wp\/v2\/categories?post=14949"},{"taxonomy":"post_tag","embeddable":true,"href":"http:\/\/staging.ibermusicas.org\/index.php\/wp-json\/wp\/v2\/tags?post=14949"}],"curies":[{"name":"wp","href":"https:\/\/api.w.org\/{rel}","templated":true}]}}