{"id":14951,"date":"2023-02-27T19:33:14","date_gmt":"2023-02-27T19:33:14","guid":{"rendered":"http:\/\/staging.ibermusicas.org\/?p=14951"},"modified":"2023-02-27T19:33:14","modified_gmt":"2023-02-27T19:33:14","slug":"facundo-estefanell-contrabaixista-uruguayo-baseado-no-brasil-inicia-a-sua-especializacao-em-contrabaixo-para-tango-na-cidade-de-buenos-aires-argentina","status":"publish","type":"post","link":"http:\/\/staging.ibermusicas.org\/index.php\/facundo-estefanell-contrabaixista-uruguayo-baseado-no-brasil-inicia-a-sua-especializacao-em-contrabaixo-para-tango-na-cidade-de-buenos-aires-argentina\/","title":{"rendered":"Facundo Estefanell, contrabaixista uruguayo baseado no Brasil, inicia a sua especializa\u00e7\u00e3o em contrabaixo para tango na cidade de Buenos Aires, Argentina"},"content":{"rendered":"<p>O contrabaixista Facundo Estefanell, com uma carreira internacional, chega hoje com este projecto para expandir os seus conhecimentos de tango na cidade onde se respira o tango, Buenos Aires, Argentina, estudando com o grande mestre Pablo Motta, num m\u00eas de aulas intensivas, onde aprofundar\u00e1 na l\u00edngua do tango vivendo com m\u00fasicos argentinos.<\/p>\n<p>&nbsp;<\/p>\n<p>Este projecto visa melhorar a t\u00e9cnica do contrabaixo utilizado no tango, bem como a recupera\u00e7\u00e3o da cultura tango, para continuar a levar a cultura uruguaia e argentina para todo o mundo.<\/p>\n<p>&nbsp;<\/p>\n<p>Facundo Estefanell contrabaixista com um estilo inovador na forma de tocar o contrabaixo ac\u00fastico, se destaca como compositor e instrumentista na cena do jazz carioca. Lan\u00e7ou seu segundo \u00e1lbum Ra\u00edzes Contempor\u00e2neas, vencedor do pr\u00eamio de Iberm\u00fasica, \u00e1lbum que recupera o folclore uruguaio misturado com t\u00e9cnicas da m\u00fasica cl\u00e1ssica numa atmosfera jazz\u00edstica. Dotado de uma pluralidade musical, versatilidade de ritmos e ideias originais no baixo ac\u00fastico. Facundo transita com naturalidade pela sonoridade uruguaia e brasileira sem perder sua identidade, criando assim um folclore novo.<\/p>\n","protected":false},"excerpt":{"rendered":"<p>O contrabaixista Facundo Estefanell, com uma carreira internacional, chega hoje com este projecto para expandir os seus conhecimentos de tango na cidade onde se respira o tango, Buenos Aires, Argentina, estudando com o grande mestre Pablo Motta, num m\u00eas de aulas intensivas, onde aprofundar\u00e1 na l\u00edngua do tango vivendo com m\u00fasicos argentinos. &nbsp; Este projecto [&hellip;]<\/p>\n","protected":false},"author":1,"featured_media":12379,"comment_status":"closed","ping_status":"closed","sticky":false,"template":"","format":"standard","meta":{"footnotes":""},"categories":[218],"tags":[],"class_list":["post-14951","post","type-post","status-publish","format-standard","has-post-thumbnail","hentry","category-noticias-generales-pt"],"lang":"pt","translations":{"pt":14951,"es":14949},"pll_sync_post":[],"post_mailing_queue_ids":[],"_links":{"self":[{"href":"http:\/\/staging.ibermusicas.org\/index.php\/wp-json\/wp\/v2\/posts\/14951","targetHints":{"allow":["GET"]}}],"collection":[{"href":"http:\/\/staging.ibermusicas.org\/index.php\/wp-json\/wp\/v2\/posts"}],"about":[{"href":"http:\/\/staging.ibermusicas.org\/index.php\/wp-json\/wp\/v2\/types\/post"}],"author":[{"embeddable":true,"href":"http:\/\/staging.ibermusicas.org\/index.php\/wp-json\/wp\/v2\/users\/1"}],"replies":[{"embeddable":true,"href":"http:\/\/staging.ibermusicas.org\/index.php\/wp-json\/wp\/v2\/comments?post=14951"}],"version-history":[{"count":1,"href":"http:\/\/staging.ibermusicas.org\/index.php\/wp-json\/wp\/v2\/posts\/14951\/revisions"}],"predecessor-version":[{"id":14952,"href":"http:\/\/staging.ibermusicas.org\/index.php\/wp-json\/wp\/v2\/posts\/14951\/revisions\/14952"}],"wp:featuredmedia":[{"embeddable":true,"href":"http:\/\/staging.ibermusicas.org\/index.php\/wp-json\/wp\/v2\/media\/12379"}],"wp:attachment":[{"href":"http:\/\/staging.ibermusicas.org\/index.php\/wp-json\/wp\/v2\/media?parent=14951"}],"wp:term":[{"taxonomy":"category","embeddable":true,"href":"http:\/\/staging.ibermusicas.org\/index.php\/wp-json\/wp\/v2\/categories?post=14951"},{"taxonomy":"post_tag","embeddable":true,"href":"http:\/\/staging.ibermusicas.org\/index.php\/wp-json\/wp\/v2\/tags?post=14951"}],"curies":[{"name":"wp","href":"https:\/\/api.w.org\/{rel}","templated":true}]}}