{"id":14967,"date":"2023-02-27T19:49:51","date_gmt":"2023-02-27T19:49:51","guid":{"rendered":"http:\/\/staging.ibermusicas.org\/?p=14967"},"modified":"2023-04-03T11:27:02","modified_gmt":"2023-04-03T11:27:02","slug":"la-artista-argentina-belen-pasqualini-actuara-en-aljustrel-alentejo-portugal-con-tres-propuestas-diferentes","status":"publish","type":"post","link":"http:\/\/staging.ibermusicas.org\/index.php\/la-artista-argentina-belen-pasqualini-actuara-en-aljustrel-alentejo-portugal-con-tres-propuestas-diferentes\/","title":{"rendered":"La artista argentina Bel\u00e9n Pasqualini actuar\u00e1 en Aljustrel, Alentejo, Portugal con tres propuestas diferentes"},"content":{"rendered":"<p>Luego de una fruct\u00edfera estad\u00eda de la multifac\u00e9tica artista en enero y febrero de 2022, en Aljustrel para estrenar la pieza teatral\/musical \u201cLa luna es la luna en Buenos Aires y en Lisboa\u201d, junto a Ant\u00f3nio Revez, Bel\u00e9n Pasqualini vuelve a Aljustrel con un nuevo proyecto junto a Lendias d&#8217;enchant.<\/p>\n<p>&nbsp;<\/p>\n<p>Cantante, compositora, actriz y creadora polifac\u00e9tica, nacida en Buenos Aires, Argentina. Su recorrido alterna los escenarios del teatro nacional e internacional, su m\u00fasica, la televisi\u00f3n y el audiovisual. Recientemente, ganadora de una Beca Fulbright (Nueva York, USA), se gradu\u00f3 de la UNA (Universidad Nacional de las Artes), recibiendo el t\u00edtulo de Licenciada en Artes Dram\u00e1ticas, y estudi\u00f3 con prestigiosos maestros de actuaci\u00f3n, dramaturgia, canto, piano, lenguaje musical y guitarra. Es la creadora de Christiane, unipersonal basado en la vida de su abuela, una importante cient\u00edfica franco-argentina. Como cantante y compositora, lanz\u00f3 tres\u00a0 \u00e1lbumes. En el \u00e1rea audiovisual, ha trabajado en varias series de televisi\u00f3n para Argentina y Latinoam\u00e9rica, as\u00ed como en cortometrajes para Argentina y Estados Unidos, y recientemente film\u00f3 un largometraje documental basado en la vida de su abuela cient\u00edfica. Bel\u00e9n Pasqualini ha recibido numerosos premios por su trabajo.<\/p>\n<p><em>\u00a0<\/em><\/p>\n<p>4 de marzo, 20 h. Presentaci\u00f3n de la obra de teatro musical Christiane, con motivo del mes de la mujer. Aljustrel, Alentejo, Portugal<\/p>\n<p>&nbsp;<\/p>\n<p>Del 21 al 30 de marzo. Gabinete de interpretaci\u00f3n y ejecuci\u00f3n musical. Aljustrel, Alentejo, Portugal<\/p>\n<p>&nbsp;<\/p>\n<p>24 de marzo, 21:00 h. Concierto en vivo. Aljustrel, Alentejo, Portugal<\/p>\n","protected":false},"excerpt":{"rendered":"<p>Luego de una fruct\u00edfera estad\u00eda de la multifac\u00e9tica artista en enero y febrero de 2022, en Aljustrel para estrenar la pieza teatral\/musical \u201cLa luna es la luna en Buenos Aires y en Lisboa\u201d, junto a Ant\u00f3nio Revez, Bel\u00e9n Pasqualini vuelve a Aljustrel con un nuevo proyecto junto a Lendias d&#8217;enchant. &nbsp; Cantante, compositora, actriz y [&hellip;]<\/p>\n","protected":false},"author":1,"featured_media":14968,"comment_status":"closed","ping_status":"closed","sticky":false,"template":"","format":"standard","meta":{"footnotes":""},"categories":[53],"tags":[],"class_list":["post-14967","post","type-post","status-publish","format-standard","has-post-thumbnail","hentry","category-noticias-generales"],"lang":"es","translations":{"es":14967,"pt":14970},"pll_sync_post":[],"post_mailing_queue_ids":[],"_links":{"self":[{"href":"http:\/\/staging.ibermusicas.org\/index.php\/wp-json\/wp\/v2\/posts\/14967","targetHints":{"allow":["GET"]}}],"collection":[{"href":"http:\/\/staging.ibermusicas.org\/index.php\/wp-json\/wp\/v2\/posts"}],"about":[{"href":"http:\/\/staging.ibermusicas.org\/index.php\/wp-json\/wp\/v2\/types\/post"}],"author":[{"embeddable":true,"href":"http:\/\/staging.ibermusicas.org\/index.php\/wp-json\/wp\/v2\/users\/1"}],"replies":[{"embeddable":true,"href":"http:\/\/staging.ibermusicas.org\/index.php\/wp-json\/wp\/v2\/comments?post=14967"}],"version-history":[{"count":1,"href":"http:\/\/staging.ibermusicas.org\/index.php\/wp-json\/wp\/v2\/posts\/14967\/revisions"}],"predecessor-version":[{"id":14969,"href":"http:\/\/staging.ibermusicas.org\/index.php\/wp-json\/wp\/v2\/posts\/14967\/revisions\/14969"}],"wp:featuredmedia":[{"embeddable":true,"href":"http:\/\/staging.ibermusicas.org\/index.php\/wp-json\/wp\/v2\/media\/14968"}],"wp:attachment":[{"href":"http:\/\/staging.ibermusicas.org\/index.php\/wp-json\/wp\/v2\/media?parent=14967"}],"wp:term":[{"taxonomy":"category","embeddable":true,"href":"http:\/\/staging.ibermusicas.org\/index.php\/wp-json\/wp\/v2\/categories?post=14967"},{"taxonomy":"post_tag","embeddable":true,"href":"http:\/\/staging.ibermusicas.org\/index.php\/wp-json\/wp\/v2\/tags?post=14967"}],"curies":[{"name":"wp","href":"https:\/\/api.w.org\/{rel}","templated":true}]}}