{"id":14970,"date":"2023-02-27T19:53:25","date_gmt":"2023-02-27T19:53:25","guid":{"rendered":"http:\/\/staging.ibermusicas.org\/?p=14970"},"modified":"2023-04-03T11:21:16","modified_gmt":"2023-04-03T11:21:16","slug":"a-artista-argentina-belen-pasqualini-vai-se-apresentar-em-aljustrel-alentejo-portugal-com-tres-propostas-diferentes","status":"publish","type":"post","link":"http:\/\/staging.ibermusicas.org\/index.php\/a-artista-argentina-belen-pasqualini-vai-se-apresentar-em-aljustrel-alentejo-portugal-com-tres-propostas-diferentes\/","title":{"rendered":"A artista argentina Bel\u00e9n Pasqualini vai se apresentar em Aljustrel, Alentejo, Portugal com tr\u00eas propostas diferentes"},"content":{"rendered":"<p>Depois de uma frutuosa estadia da artista multifacetada em janeiro e fevereiro de 2022, em Aljustrel para estrear a pe\u00e7a teatral\/musical \u201cA lua \u00e9 a lua em Buenos Aires e em Lisboa\u201c, juntamente com Ant\u00f3nio Revez, Bel\u00e9n Pasqualini regressa a Aljustrel com um novo projecto em conjunto com e a companhia Lendias d&#8217;enchant.<\/p>\n<p>&nbsp;<\/p>\n<p>Cantora, compositora, atriz e criadora multifacetada, nascida em Buenos Aires, Argentina. Seu percurso alterna entre os palcos do teatro nacional e internacional, a sua m\u00fasica, a televis\u00e3o e o audiovisual. Recentemente, ganhadora de uma bolsa Fulbright (Nova York, EUA), foi formada na UNA (Universidade Nacional das Artes), recebendo o t\u00edtulo de Bacharel em Artes Dram\u00e1ticas, e estudou com prestigiosos professores de atua\u00e7\u00e3o, dramaturgia, canto, piano, linguagem musical e viol\u00e3o. \u00c9 criadora do unipersonal Christiane baseado na vida da sua av\u00f3, uma importante cientista franco-argentina. Como cantora e compositora, lan\u00e7ou tr\u00eas discos. Na \u00e1rea audiovisual, trabalhou em v\u00e1rias s\u00e9ries de televis\u00e3o para a Argentina e Am\u00e9rica Latina, al\u00e9m de curtas-metragens para Argentina e Estados Unidos, e recentemente filmou um longa-metragem documental baseado na vida de sua av\u00f3 cientista. Bel\u00e9n Pasqualini recebeu in\u00fameros pr\u00eamios por seu trabalho.<\/p>\n<p>&nbsp;<\/p>\n<p>4 de mar\u00e7o, 20hs. Apresenta\u00e7\u00e3o da pe\u00e7a de teatro musical Christiane, por ocasi\u00e3o do m\u00eas da mulher. Aljustrel, Alentejo, Portugal<\/p>\n<p>&nbsp;<\/p>\n<p>Do dia 21 ao dia 30 de mar\u00e7o. Gabinete de interpreta\u00e7\u00e3o e execu\u00e7\u00e3o musical. Aljustrel, Alentejo, Portugal<\/p>\n<p>&nbsp;<\/p>\n<p>24 de mar\u00e7o, 21hs. Concerto ao vivo. Aljustrel, Alentejo, Portugal<\/p>\n","protected":false},"excerpt":{"rendered":"<p>Depois de uma frutuosa estadia da artista multifacetada em janeiro e fevereiro de 2022, em Aljustrel para estrear a pe\u00e7a teatral\/musical \u201cA lua \u00e9 a lua em Buenos Aires e em Lisboa\u201c, juntamente com Ant\u00f3nio Revez, Bel\u00e9n Pasqualini regressa a Aljustrel com um novo projecto em conjunto com e a companhia Lendias d&#8217;enchant. &nbsp; Cantora, [&hellip;]<\/p>\n","protected":false},"author":1,"featured_media":14968,"comment_status":"closed","ping_status":"closed","sticky":false,"template":"","format":"standard","meta":{"footnotes":""},"categories":[218],"tags":[],"class_list":["post-14970","post","type-post","status-publish","format-standard","has-post-thumbnail","hentry","category-noticias-generales-pt"],"lang":"pt","translations":{"pt":14970,"es":14967},"pll_sync_post":[],"post_mailing_queue_ids":[],"_links":{"self":[{"href":"http:\/\/staging.ibermusicas.org\/index.php\/wp-json\/wp\/v2\/posts\/14970","targetHints":{"allow":["GET"]}}],"collection":[{"href":"http:\/\/staging.ibermusicas.org\/index.php\/wp-json\/wp\/v2\/posts"}],"about":[{"href":"http:\/\/staging.ibermusicas.org\/index.php\/wp-json\/wp\/v2\/types\/post"}],"author":[{"embeddable":true,"href":"http:\/\/staging.ibermusicas.org\/index.php\/wp-json\/wp\/v2\/users\/1"}],"replies":[{"embeddable":true,"href":"http:\/\/staging.ibermusicas.org\/index.php\/wp-json\/wp\/v2\/comments?post=14970"}],"version-history":[{"count":1,"href":"http:\/\/staging.ibermusicas.org\/index.php\/wp-json\/wp\/v2\/posts\/14970\/revisions"}],"predecessor-version":[{"id":14971,"href":"http:\/\/staging.ibermusicas.org\/index.php\/wp-json\/wp\/v2\/posts\/14970\/revisions\/14971"}],"wp:featuredmedia":[{"embeddable":true,"href":"http:\/\/staging.ibermusicas.org\/index.php\/wp-json\/wp\/v2\/media\/14968"}],"wp:attachment":[{"href":"http:\/\/staging.ibermusicas.org\/index.php\/wp-json\/wp\/v2\/media?parent=14970"}],"wp:term":[{"taxonomy":"category","embeddable":true,"href":"http:\/\/staging.ibermusicas.org\/index.php\/wp-json\/wp\/v2\/categories?post=14970"},{"taxonomy":"post_tag","embeddable":true,"href":"http:\/\/staging.ibermusicas.org\/index.php\/wp-json\/wp\/v2\/tags?post=14970"}],"curies":[{"name":"wp","href":"https:\/\/api.w.org\/{rel}","templated":true}]}}