{"id":14977,"date":"2023-02-27T20:42:27","date_gmt":"2023-02-27T20:42:27","guid":{"rendered":"http:\/\/staging.ibermusicas.org\/?p=14977"},"modified":"2023-04-03T11:18:47","modified_gmt":"2023-04-03T11:18:47","slug":"llega-mujeresbrujula-la-propuesta-musical-digital-para-la-enes-morelia-con-motivo-del-8m","status":"publish","type":"post","link":"http:\/\/staging.ibermusicas.org\/index.php\/llega-mujeresbrujula-la-propuesta-musical-digital-para-la-enes-morelia-con-motivo-del-8m\/","title":{"rendered":"Llega MUJEResBR\u00daJULA, la propuesta musical digital para la ENES &#8211; Morelia, con motivo del #8M"},"content":{"rendered":"<p>MujerESbr\u00fajula consiste en un cortometraje documental musicalizado que hilvana testimonios de mujeres mexicanas, a partir de una recopilaci\u00f3n de breves reportajes a diversas f\u00e9minas de M\u00e9xico, oriundas de diversas partes del pa\u00eds. El mismo fue creado por la actriz y cantautora argentina, Bel\u00e9n Pasqualini, aprovechando su viaje y registro en dicha naci\u00f3n hermana iberoamericana y asomar\u00e1 a la luz el pr\u00f3ximo 8 de Marzo de 2023, D\u00eda Internacional de la Mujer, como estandarte erguido por ENES-MORELIA, Escuela Nacional de Estudios Superiores de la UNAM, Unidad Morelia.<\/p>\n<p>&nbsp;<\/p>\n<p>\u00bfCu\u00e1les son tus referentes femeninas? \u00bfQu\u00e9 mujeres te inspiran a levantarte cada d\u00eda? \u00bfA qu\u00e9 mujeres crees que t\u00fa inspiras a levantarte cada d\u00eda? \u00bfQu\u00e9 mensaje le dar\u00edas a tus hermanas mexicanas?, son\u00a0 las preguntas que atraviesas el proyecto y que sirvieron como motor para poder escuchar a estas voces mexicanas expresarse.<\/p>\n<p><em>\u00a0<\/em><\/p>\n<p>El t\u00edtulo #MUJEResBR\u00daJULA invita al doble juego que significa que las mujeres son en s\u00ed mismas un g\u00e9nero que inspira y marca un norte: queremos insistir en la importancia de la presencia femenina; ser las mujeres como referentes. A su vez, \u201ces\u201d invita a pensar en pluralidad de mujeres. Por lo que el \u201ces\u201d del t\u00edtulo de la propuesta puede leerse como plural de MUJERES o, separado, como el verbo SER: ser mujer implica ser br\u00fajula.<\/p>\n<p>&nbsp;<\/p>\n<p>8 de marzo en:<\/p>\n<p><a href=\"https:\/\/www.youtube.com\/channel\/UCXgydscWFKG1nCiHz6jjajw\">https:\/\/www.youtube.com\/channel\/UCXgydscWFKG1nCiHz6jjajw<\/a><\/p>\n<p><a href=\"https:\/\/youtube.com\/belenpasqualinimusic\">https:\/\/youtube.com\/belenpasqualinimusic<\/a><\/p>\n<p><a href=\"https:\/\/www.instagram.com\/belenpasqualini\/\">https:\/\/www.instagram.com\/belenpasqualini\/<\/a><\/p>\n","protected":false},"excerpt":{"rendered":"<p>MujerESbr\u00fajula consiste en un cortometraje documental musicalizado que hilvana testimonios de mujeres mexicanas, a partir de una recopilaci\u00f3n de breves reportajes a diversas f\u00e9minas de M\u00e9xico, oriundas de diversas partes del pa\u00eds. El mismo fue creado por la actriz y cantautora argentina, Bel\u00e9n Pasqualini, aprovechando su viaje y registro en dicha naci\u00f3n hermana iberoamericana y [&hellip;]<\/p>\n","protected":false},"author":1,"featured_media":14978,"comment_status":"closed","ping_status":"closed","sticky":false,"template":"","format":"standard","meta":{"footnotes":""},"categories":[53],"tags":[],"class_list":["post-14977","post","type-post","status-publish","format-standard","has-post-thumbnail","hentry","category-noticias-generales"],"lang":"es","translations":{"es":14977,"pt":14980},"pll_sync_post":[],"post_mailing_queue_ids":[],"_links":{"self":[{"href":"http:\/\/staging.ibermusicas.org\/index.php\/wp-json\/wp\/v2\/posts\/14977","targetHints":{"allow":["GET"]}}],"collection":[{"href":"http:\/\/staging.ibermusicas.org\/index.php\/wp-json\/wp\/v2\/posts"}],"about":[{"href":"http:\/\/staging.ibermusicas.org\/index.php\/wp-json\/wp\/v2\/types\/post"}],"author":[{"embeddable":true,"href":"http:\/\/staging.ibermusicas.org\/index.php\/wp-json\/wp\/v2\/users\/1"}],"replies":[{"embeddable":true,"href":"http:\/\/staging.ibermusicas.org\/index.php\/wp-json\/wp\/v2\/comments?post=14977"}],"version-history":[{"count":1,"href":"http:\/\/staging.ibermusicas.org\/index.php\/wp-json\/wp\/v2\/posts\/14977\/revisions"}],"predecessor-version":[{"id":14979,"href":"http:\/\/staging.ibermusicas.org\/index.php\/wp-json\/wp\/v2\/posts\/14977\/revisions\/14979"}],"wp:featuredmedia":[{"embeddable":true,"href":"http:\/\/staging.ibermusicas.org\/index.php\/wp-json\/wp\/v2\/media\/14978"}],"wp:attachment":[{"href":"http:\/\/staging.ibermusicas.org\/index.php\/wp-json\/wp\/v2\/media?parent=14977"}],"wp:term":[{"taxonomy":"category","embeddable":true,"href":"http:\/\/staging.ibermusicas.org\/index.php\/wp-json\/wp\/v2\/categories?post=14977"},{"taxonomy":"post_tag","embeddable":true,"href":"http:\/\/staging.ibermusicas.org\/index.php\/wp-json\/wp\/v2\/tags?post=14977"}],"curies":[{"name":"wp","href":"https:\/\/api.w.org\/{rel}","templated":true}]}}