{"id":14984,"date":"2023-02-27T21:46:57","date_gmt":"2023-02-27T21:46:57","guid":{"rendered":"http:\/\/staging.ibermusicas.org\/?p=14984"},"modified":"2023-04-03T11:18:40","modified_gmt":"2023-04-03T11:18:40","slug":"el-artista-portugues-salvador-sobral-se-presenta-en-vivo-por-primera-vez-en-brasil","status":"publish","type":"post","link":"http:\/\/staging.ibermusicas.org\/index.php\/el-artista-portugues-salvador-sobral-se-presenta-en-vivo-por-primera-vez-en-brasil\/","title":{"rendered":"El artista portugu\u00e9s Salvador Sobral se presenta en vivo por primera vez en Brasil"},"content":{"rendered":"<p>Salvador Sobral se presenta en vivo por primera vez en Brasil llevando su \u00faltimo \u00e1lbum de estudio. Con lanzamiento mundial en 2021, \u201cbpm\u201d marca la primera vez que Salvador Sobral se aventura en la publicaci\u00f3n de un disco compuesto \u00edntegramente por canciones propias, en sociedad con Leo Aldrey, quien tambi\u00e9n firma la producci\u00f3n del disco. \u201cSangue do meu Sangue\u201d, \u201cPaint the town\u201d y \u201cAplauso Dentro\u201d (con Margarida Campelo) fueron los primeros temas extra\u00eddos de un conjunto de 14 canciones in\u00e9ditas que merecieron elogios de cr\u00edtica y p\u00fablico. El \u00e1lbum fue nominado en la categor\u00eda de Mejor Ingenier\u00eda de Sonido, en la \u00faltima edici\u00f3n de los Premios Grammy Latinos.<\/p>\n<p>&nbsp;<\/p>\n<p>Salvador Sobral vivi\u00f3 en EUA, en Mallorca y Barcelona, \u200b\u200bdonde estudi\u00f3 Jazz durante 2 a\u00f1os en la prestigiosa escuela Taller de Musics. A lo largo de este per\u00edodo, compuso sus propias canciones, cre\u00f3 varios proyectos y descubri\u00f3 su identidad musical. En 2016, lanz\u00f3 su primer \u00e1lbum en solitario, Excuse me. En 2017 participa en el Festival da Can\u00e7\u00e3o donde interpreta la canci\u00f3n Amar pelo Dois, de Lu\u00edsa Sobral, ganadora del Festival de la Canci\u00f3n de Eurovisi\u00f3n, en el mismo a\u00f1o, con la puntuaci\u00f3n m\u00e1s alta de la historia. Desde entonces, ha sido distinguido con varios premios y menciones y muy aclamado por la prensa nacional e internacional. A principios de 2019, lanz\u00f3 su segundo \u00e1lbum, Paris, Lisboa, que lo llev\u00f3 a una extensa gira por el mundo y en Portugal.<\/p>\n<p>&nbsp;<\/p>\n<p>Paralelamente, Salvador Sobral ha desarrollado numerosos proyectos que se extienden a otros universos musicales y diferentes formaciones: Noko Woi, Alexander Search, Mutrama, Alma Nuestra, Quinta das Can\u00e7\u00f5es y, m\u00e1s recientemente, Salvador Sobral canta Brel. En mayo de 2021 llega \u201cbpm\u201d, el tercer disco de estudio. Grabado principalmente en el estudio Le Manoir en L\u00e9on, Francia. En septiembre de 2022 llega el EP \u201cSAL\u201d, compuesto por un tema original y tres temas que forman parte del repertorio en vivo, pero que, hasta el momento, a\u00fan no hab\u00edan sido editados en disco. Grabado en casa, en formato piano y voz, es a la vez un viaje y una invitaci\u00f3n a adentrarse en el universo personal e \u00edntimo del m\u00fasico.<\/p>\n<p>&nbsp;<\/p>\n<p>9 de marzo, Teatro Riachuelo, R\u00edo de Janeiro<\/p>\n<p>11 de marzo, Teatro Vermelhos, Instituto Ba\u00eda dos Vermelhos, Ilhabela<\/p>\n<p>12 de marzo, Sesc Pinheiros, S\u00e3o Paulo<\/p>\n","protected":false},"excerpt":{"rendered":"<p>Salvador Sobral se presenta en vivo por primera vez en Brasil llevando su \u00faltimo \u00e1lbum de estudio. Con lanzamiento mundial en 2021, \u201cbpm\u201d marca la primera vez que Salvador Sobral se aventura en la publicaci\u00f3n de un disco compuesto \u00edntegramente por canciones propias, en sociedad con Leo Aldrey, quien tambi\u00e9n firma la producci\u00f3n del disco. [&hellip;]<\/p>\n","protected":false},"author":1,"featured_media":14985,"comment_status":"closed","ping_status":"closed","sticky":false,"template":"","format":"standard","meta":{"footnotes":""},"categories":[53],"tags":[],"class_list":["post-14984","post","type-post","status-publish","format-standard","has-post-thumbnail","hentry","category-noticias-generales"],"lang":"es","translations":{"es":14984,"pt":14987},"pll_sync_post":[],"post_mailing_queue_ids":[],"_links":{"self":[{"href":"http:\/\/staging.ibermusicas.org\/index.php\/wp-json\/wp\/v2\/posts\/14984","targetHints":{"allow":["GET"]}}],"collection":[{"href":"http:\/\/staging.ibermusicas.org\/index.php\/wp-json\/wp\/v2\/posts"}],"about":[{"href":"http:\/\/staging.ibermusicas.org\/index.php\/wp-json\/wp\/v2\/types\/post"}],"author":[{"embeddable":true,"href":"http:\/\/staging.ibermusicas.org\/index.php\/wp-json\/wp\/v2\/users\/1"}],"replies":[{"embeddable":true,"href":"http:\/\/staging.ibermusicas.org\/index.php\/wp-json\/wp\/v2\/comments?post=14984"}],"version-history":[{"count":1,"href":"http:\/\/staging.ibermusicas.org\/index.php\/wp-json\/wp\/v2\/posts\/14984\/revisions"}],"predecessor-version":[{"id":14986,"href":"http:\/\/staging.ibermusicas.org\/index.php\/wp-json\/wp\/v2\/posts\/14984\/revisions\/14986"}],"wp:featuredmedia":[{"embeddable":true,"href":"http:\/\/staging.ibermusicas.org\/index.php\/wp-json\/wp\/v2\/media\/14985"}],"wp:attachment":[{"href":"http:\/\/staging.ibermusicas.org\/index.php\/wp-json\/wp\/v2\/media?parent=14984"}],"wp:term":[{"taxonomy":"category","embeddable":true,"href":"http:\/\/staging.ibermusicas.org\/index.php\/wp-json\/wp\/v2\/categories?post=14984"},{"taxonomy":"post_tag","embeddable":true,"href":"http:\/\/staging.ibermusicas.org\/index.php\/wp-json\/wp\/v2\/tags?post=14984"}],"curies":[{"name":"wp","href":"https:\/\/api.w.org\/{rel}","templated":true}]}}