{"id":14987,"date":"2023-02-27T21:49:04","date_gmt":"2023-02-27T21:49:04","guid":{"rendered":"http:\/\/staging.ibermusicas.org\/?p=14987"},"modified":"2023-04-03T11:21:02","modified_gmt":"2023-04-03T11:21:02","slug":"o-artista-portugues-salvador-sobral-apresenta-se-ao-vivo-pela-primeira-vez-no-brasil","status":"publish","type":"post","link":"http:\/\/staging.ibermusicas.org\/index.php\/o-artista-portugues-salvador-sobral-apresenta-se-ao-vivo-pela-primeira-vez-no-brasil\/","title":{"rendered":"O artista portugu\u00eas Salvador Sobral apresenta-se ao vivo pela primeira vez no Brasil"},"content":{"rendered":"<p>Salvador Sobral apresenta-se ao vivo pela primeira vez no Brasil e leva consigo o seu mais recente \u00e1lbum de est\u00fadio. Com lan\u00e7amento mundial em 2021, \u201cbpm\u201d assinala a primeira vez que Salvador Sobral se aventura na edi\u00e7\u00e3o de um disco composto inteiramente por originais de sua autoria, em parceria com Leo Aldrey, que assina tamb\u00e9m a produ\u00e7\u00e3o do disco. \u201cSangue do meu sangue\u201d, \u201cPaint the town\u201d e \u201cAplauso dentro\u201d (com Margarida Campelo) foram os primeiros temas extra\u00eddos de um conjunto de 14 can\u00e7\u00f5es in\u00e9ditas que arrecadaram elogios da cr\u00edtica e do p\u00fablico. O \u00e1lbum esteve nomeado na categoria de Melhor Engenharia de Som, na \u00faltima edi\u00e7\u00e3o dos pr\u00e9mios Grammy Latino.<\/p>\n<p>&nbsp;<\/p>\n<p>Salvador Sobral viveu nos EUA, em Mallorca e Barcelona, onde estudou Jazz durante 2 anos na prestigiada escola Taller de Musics. Ao longo deste per\u00edodo foi compondo as suas pr\u00f3prias can\u00e7\u00f5es, criando v\u00e1rios projectos e descobrindo a sua identidade musical. Em 2016, lan\u00e7a o seu primeiro \u00e1lbum a solo Excuse me. Em 2017 participa no Festival da Can\u00e7\u00e3o onde interpreta a can\u00e7\u00e3o Amar pelos Dois, de autoria de Lu\u00edsa Sobral, vencedora do Festival da Eurovis\u00e3o, no mesmo ano, com a pontua\u00e7\u00e3o mais alta de sempre. Desde ent\u00e3o tem sido distinguido com v\u00e1rios pr\u00e9mios e men\u00e7\u00f5es e muito aclamado pela imprensa nacional e internacional. No in\u00edcio de 2019 lan\u00e7a o segundo \u00e1lbum em nome pr\u00f3prio, Paris, Lisboa, que o levou numa extensa digress\u00e3o pelo mundo fora e por Portugal.<\/p>\n<p>&nbsp;<\/p>\n<p>Paralelamente ao seu percurso a solo, tem desenvolvido in\u00fameros projectos que se estendem a outros universos musicais e forma\u00e7\u00f5es distintas: Noko Woi, Alexander Search, Mutrama, Alma Nuestra, Quinta das Can\u00e7\u00f5es e, mais recentemente, Salvador Sobral canta Brel. Em Maio de 2021 chega \u201cbpm\u201d, o terceiro registo de est\u00fadio. Maioritariamente gravado no est\u00fadio Le Manoir de L\u00e9on, em Fran\u00e7a. Em Setembro de 2022 chega o EP \u201cSAL\u201d, composto por um tema original e tr\u00eas can\u00e7\u00f5es que fazem parte do repert\u00f3rio ao vivo, mas que, at\u00e9 aqui, ainda n\u00e3o tinham sido editadas em disco. Gravado em casa, no formato piano e voz, \u00e9 simultaneamente uma viagem e um convite para entrar no universo pessoal e intimista do m\u00fasico.<\/p>\n<p>&nbsp;<\/p>\n<p>&nbsp;<\/p>\n<p>9 de mar\u00e7o, Teatro Riachuelo, R\u00edo de janeiro<\/p>\n<p>11 de mar\u00e7o, Teatro Vermelhos, Instituto ba\u00eda dos Vermelhos, Ilhabela<\/p>\n<p>12 de mar\u00e7o, Sesc Pinheiros, S\u00e3o Paulo<\/p>\n","protected":false},"excerpt":{"rendered":"<p>Salvador Sobral apresenta-se ao vivo pela primeira vez no Brasil e leva consigo o seu mais recente \u00e1lbum de est\u00fadio. Com lan\u00e7amento mundial em 2021, \u201cbpm\u201d assinala a primeira vez que Salvador Sobral se aventura na edi\u00e7\u00e3o de um disco composto inteiramente por originais de sua autoria, em parceria com Leo Aldrey, que assina tamb\u00e9m [&hellip;]<\/p>\n","protected":false},"author":1,"featured_media":14985,"comment_status":"closed","ping_status":"closed","sticky":false,"template":"","format":"standard","meta":{"footnotes":""},"categories":[218],"tags":[],"class_list":["post-14987","post","type-post","status-publish","format-standard","has-post-thumbnail","hentry","category-noticias-generales-pt"],"lang":"pt","translations":{"pt":14987,"es":14984},"pll_sync_post":[],"post_mailing_queue_ids":[],"_links":{"self":[{"href":"http:\/\/staging.ibermusicas.org\/index.php\/wp-json\/wp\/v2\/posts\/14987","targetHints":{"allow":["GET"]}}],"collection":[{"href":"http:\/\/staging.ibermusicas.org\/index.php\/wp-json\/wp\/v2\/posts"}],"about":[{"href":"http:\/\/staging.ibermusicas.org\/index.php\/wp-json\/wp\/v2\/types\/post"}],"author":[{"embeddable":true,"href":"http:\/\/staging.ibermusicas.org\/index.php\/wp-json\/wp\/v2\/users\/1"}],"replies":[{"embeddable":true,"href":"http:\/\/staging.ibermusicas.org\/index.php\/wp-json\/wp\/v2\/comments?post=14987"}],"version-history":[{"count":1,"href":"http:\/\/staging.ibermusicas.org\/index.php\/wp-json\/wp\/v2\/posts\/14987\/revisions"}],"predecessor-version":[{"id":14988,"href":"http:\/\/staging.ibermusicas.org\/index.php\/wp-json\/wp\/v2\/posts\/14987\/revisions\/14988"}],"wp:featuredmedia":[{"embeddable":true,"href":"http:\/\/staging.ibermusicas.org\/index.php\/wp-json\/wp\/v2\/media\/14985"}],"wp:attachment":[{"href":"http:\/\/staging.ibermusicas.org\/index.php\/wp-json\/wp\/v2\/media?parent=14987"}],"wp:term":[{"taxonomy":"category","embeddable":true,"href":"http:\/\/staging.ibermusicas.org\/index.php\/wp-json\/wp\/v2\/categories?post=14987"},{"taxonomy":"post_tag","embeddable":true,"href":"http:\/\/staging.ibermusicas.org\/index.php\/wp-json\/wp\/v2\/tags?post=14987"}],"curies":[{"name":"wp","href":"https:\/\/api.w.org\/{rel}","templated":true}]}}