{"id":14989,"date":"2023-02-27T21:50:21","date_gmt":"2023-02-27T21:50:21","guid":{"rendered":"http:\/\/staging.ibermusicas.org\/?p=14989"},"modified":"2023-04-03T11:18:33","modified_gmt":"2023-04-03T11:18:33","slug":"la-cantante-argentina-karina-beorlegui-presenta-su-nuevo-album-encuentro-amalia-gardel-realizado-entre-argentina-y-portugal","status":"publish","type":"post","link":"http:\/\/staging.ibermusicas.org\/index.php\/la-cantante-argentina-karina-beorlegui-presenta-su-nuevo-album-encuentro-amalia-gardel-realizado-entre-argentina-y-portugal\/","title":{"rendered":"La cantante argentina Karina Beorlegui presenta su nuevo \u00e1lbum \u201cEncuentro Am\u00e1lia &#8211; Gardel\u201d realizado entre Argentina y Portugal"},"content":{"rendered":"<p>Karina Beorlegui, cantora, actriz e impulsora del fado en Argentina, presenta su cuarto \u00e1lbum. Encuentro Am\u00e1lia-Gardel es un disco homenaje a estas dos grandes figuras emblema de la canci\u00f3n de Buenos Aires y Lisboa. Surge la idea en 2020 -en pandemia- realizando videos caseros y entrevistas virtuales entre Karina y Nacho Cabello (Argentina) y Ricardo Martins (Loul\u00e9- Portugal). Es un disco realizado en co-participaci\u00f3n Argentino-Portuguesa.<\/p>\n<p>&nbsp;<\/p>\n<p>Este \u00e1lbum viene a unir a Am\u00e1lia y Gardel a trav\u00e9s de su repertorio, m\u00e1s all\u00e1 de que no hayan sido contempor\u00e1neos. Son ocho canciones: cuatro fados y cuatro tangos que logran este encuentro entre guitarras caracter\u00edsticas de los respectivos g\u00e9neros, con la voz e interpretaci\u00f3n de Karina Beorlegui como puente.<\/p>\n<p>Karina Beorlegui viene vinculando desde hace muchos a\u00f1os estos dos g\u00e9neros- Fado y Tango- ambos reconocidos como Patrimonio Cultural e Inmaterial de la Humanidad . G\u00e9neros musicales que tienen mucho en com\u00fan, desde su g\u00e9nesis relacionada con la cultura urbana de los puertos de Lisboa y Buenos Aires, Coimbra y Montevideo. Las influencias de las migraciones y los exilios, las tripulaciones y los marineros, los pescadores, los suburbios y la poes\u00eda bohemia los forjaron al mismo tiempo y, como un espejo, sobrevivieron incluso con el avance de todas las dem\u00e1s expresiones musicales, pasando por momentos de cierto letargo y resurgiendo con nuevos exponentes e int\u00e9rpretes, compositores y poetas de hoy.<\/p>\n<p>Artistas invitados de Argentina: Hern\u00e1n \u00abCucuza\u00bb Castiello: voz,<\/p>\n<p>Horacio Romo: Bandone\u00f3n y Alejandro Bordas: guitarra de 7 cuerdas. Artistas Invitados de Portugal:\u00a0 Mar\u00eda In\u00e9s Gra\u00e7a: voz y\u00a0 Pedro Viola: voz. Sello discogr\u00e1fico y distribuci\u00f3n: Acqua Records<\/p>\n<p><strong>\u00a0<\/strong><\/p>\n<p>Adem\u00e1s del apoyo de Iberm\u00fasicas, esta producci\u00f3n cuenta con el aval de Funda\u00e7\u00e3o Am\u00e1lia Rodrigues de Portugal y Academia Nacional del Tango de Argentina<\/p>\n<p>&nbsp;<\/p>\n<p>&nbsp;<\/p>\n<p><a href=\"https:\/\/orcd.co\/4m92wjg\">https:\/\/orcd.co\/4m92wjg<\/a><\/p>\n<p>&nbsp;<\/p>\n<p>S\u00e1bado 11 de marzo, 21 hs. Rondeman Abasto, Lavalle 3177, Ciudad de Buenos Aires, Argentina<\/p>\n","protected":false},"excerpt":{"rendered":"<p>Karina Beorlegui, cantora, actriz e impulsora del fado en Argentina, presenta su cuarto \u00e1lbum. Encuentro Am\u00e1lia-Gardel es un disco homenaje a estas dos grandes figuras emblema de la canci\u00f3n de Buenos Aires y Lisboa. Surge la idea en 2020 -en pandemia- realizando videos caseros y entrevistas virtuales entre Karina y Nacho Cabello (Argentina) y Ricardo [&hellip;]<\/p>\n","protected":false},"author":1,"featured_media":14990,"comment_status":"closed","ping_status":"closed","sticky":false,"template":"","format":"standard","meta":{"footnotes":""},"categories":[53],"tags":[],"class_list":["post-14989","post","type-post","status-publish","format-standard","has-post-thumbnail","hentry","category-noticias-generales"],"lang":"es","translations":{"es":14989,"pt":14992},"pll_sync_post":[],"post_mailing_queue_ids":[],"_links":{"self":[{"href":"http:\/\/staging.ibermusicas.org\/index.php\/wp-json\/wp\/v2\/posts\/14989","targetHints":{"allow":["GET"]}}],"collection":[{"href":"http:\/\/staging.ibermusicas.org\/index.php\/wp-json\/wp\/v2\/posts"}],"about":[{"href":"http:\/\/staging.ibermusicas.org\/index.php\/wp-json\/wp\/v2\/types\/post"}],"author":[{"embeddable":true,"href":"http:\/\/staging.ibermusicas.org\/index.php\/wp-json\/wp\/v2\/users\/1"}],"replies":[{"embeddable":true,"href":"http:\/\/staging.ibermusicas.org\/index.php\/wp-json\/wp\/v2\/comments?post=14989"}],"version-history":[{"count":1,"href":"http:\/\/staging.ibermusicas.org\/index.php\/wp-json\/wp\/v2\/posts\/14989\/revisions"}],"predecessor-version":[{"id":14991,"href":"http:\/\/staging.ibermusicas.org\/index.php\/wp-json\/wp\/v2\/posts\/14989\/revisions\/14991"}],"wp:featuredmedia":[{"embeddable":true,"href":"http:\/\/staging.ibermusicas.org\/index.php\/wp-json\/wp\/v2\/media\/14990"}],"wp:attachment":[{"href":"http:\/\/staging.ibermusicas.org\/index.php\/wp-json\/wp\/v2\/media?parent=14989"}],"wp:term":[{"taxonomy":"category","embeddable":true,"href":"http:\/\/staging.ibermusicas.org\/index.php\/wp-json\/wp\/v2\/categories?post=14989"},{"taxonomy":"post_tag","embeddable":true,"href":"http:\/\/staging.ibermusicas.org\/index.php\/wp-json\/wp\/v2\/tags?post=14989"}],"curies":[{"name":"wp","href":"https:\/\/api.w.org\/{rel}","templated":true}]}}