{"id":14994,"date":"2023-02-27T21:53:38","date_gmt":"2023-02-27T21:53:38","guid":{"rendered":"http:\/\/staging.ibermusicas.org\/?p=14994"},"modified":"2023-04-03T11:18:26","modified_gmt":"2023-04-03T11:18:26","slug":"llega-mercado-uruguay-musical-vol-iii-conectando-nuestra-musica-al-mundo","status":"publish","type":"post","link":"http:\/\/staging.ibermusicas.org\/index.php\/llega-mercado-uruguay-musical-vol-iii-conectando-nuestra-musica-al-mundo\/","title":{"rendered":"Llega Mercado Uruguay Musical Vol. III &#8211; conectando nuestra m\u00fasica al mundo"},"content":{"rendered":"<p>El Mercado Uruguay Musical es parte fundamental del Proyecto OIMUS \u2013 Agencia de Exportaci\u00f3n de M\u00fasica Uruguaya, de la Fundaci\u00f3n Fans de la M\u00fasica, creado gracias al apoyo de la Agencia Nacional de Desarrollo y el aval del Ministerio de Educaci\u00f3n y Cultura.<\/p>\n<p>&nbsp;<\/p>\n<p>Uruguay es muy peque\u00f1o, un mercado ex\u00f3tico para muchos, pero poco numeroso hablando de cantidad de consumidores. Esto es algo que juega en contra a la hora de posicionar las propuestas musicales al mismo nivel que las extranjeras. La internacionalizaci\u00f3n juega un papel importante en el crecimiento y profesionalizaci\u00f3n del artista, no solo en el posicionamiento digital, contar con experiencias internacionales, incrementa la posibilidad de contrataciones dentro y fuera del pa\u00eds. Todos los caminos conducen a que el sector de la m\u00fasica uruguaya debe cruzar fronteras r\u00e1pidamente. Y debe hacerlo en forma org\u00e1nica, no solo para llegar con mayor potencia al mundo sino para seguir manteniendo su diversidad y riqueza art\u00edstica y evitar que muchos creadores se queden por el camino.<\/p>\n<p>&nbsp;<\/p>\n<p>Para que todo esto suceda, es esencial la realizaci\u00f3n de Mercados de M\u00fasica accesibles en territorio y contar con programadores internacionales de Festivales, que participen de la actividad. A su vez, los programadores tendr\u00e1n la oportunidad de conocer el mercado musical uruguayo e interesarse por traer propuestas que beneficien econ\u00f3micamente al sector cultural del pa\u00eds.<\/p>\n<p>&nbsp;<\/p>\n<p>Uruguay Musical ha concretado alianzas entre productoras y productores que implican la creaci\u00f3n de nuevos proyectos, de nuevas oportunidades, desdibujando as\u00ed cualquier frontera y propiciando la creaci\u00f3n de lazos humanos, el intercambio entre colegas.<\/p>\n<p><em>\u00a0<\/em><\/p>\n<p><em>\u00a0<\/em><\/p>\n<p>Del 13 al 17 de Marzo del 2023 en Montevideo, Uruguay.<\/p>\n<p>https:\/\/www.instagram.com\/mercadodemusica.uy\/<\/p>\n<p>https:\/\/www.youtube.com\/channel\/UCuQcrg-heCItnKLNWZ2Yn-Q\/videos<\/p>\n<p>http:\/\/mercadodemusica.uy\/<\/p>\n<p>https:\/\/oimus.com\/<\/p>\n<p>http:\/\/fundacion.uy\/<\/p>\n","protected":false},"excerpt":{"rendered":"<p>El Mercado Uruguay Musical es parte fundamental del Proyecto OIMUS \u2013 Agencia de Exportaci\u00f3n de M\u00fasica Uruguaya, de la Fundaci\u00f3n Fans de la M\u00fasica, creado gracias al apoyo de la Agencia Nacional de Desarrollo y el aval del Ministerio de Educaci\u00f3n y Cultura. &nbsp; Uruguay es muy peque\u00f1o, un mercado ex\u00f3tico para muchos, pero poco [&hellip;]<\/p>\n","protected":false},"author":1,"featured_media":14995,"comment_status":"closed","ping_status":"closed","sticky":false,"template":"","format":"standard","meta":{"footnotes":""},"categories":[53],"tags":[],"class_list":["post-14994","post","type-post","status-publish","format-standard","has-post-thumbnail","hentry","category-noticias-generales"],"lang":"es","translations":{"es":14994,"pt":14997},"pll_sync_post":[],"post_mailing_queue_ids":[],"_links":{"self":[{"href":"http:\/\/staging.ibermusicas.org\/index.php\/wp-json\/wp\/v2\/posts\/14994","targetHints":{"allow":["GET"]}}],"collection":[{"href":"http:\/\/staging.ibermusicas.org\/index.php\/wp-json\/wp\/v2\/posts"}],"about":[{"href":"http:\/\/staging.ibermusicas.org\/index.php\/wp-json\/wp\/v2\/types\/post"}],"author":[{"embeddable":true,"href":"http:\/\/staging.ibermusicas.org\/index.php\/wp-json\/wp\/v2\/users\/1"}],"replies":[{"embeddable":true,"href":"http:\/\/staging.ibermusicas.org\/index.php\/wp-json\/wp\/v2\/comments?post=14994"}],"version-history":[{"count":1,"href":"http:\/\/staging.ibermusicas.org\/index.php\/wp-json\/wp\/v2\/posts\/14994\/revisions"}],"predecessor-version":[{"id":14996,"href":"http:\/\/staging.ibermusicas.org\/index.php\/wp-json\/wp\/v2\/posts\/14994\/revisions\/14996"}],"wp:featuredmedia":[{"embeddable":true,"href":"http:\/\/staging.ibermusicas.org\/index.php\/wp-json\/wp\/v2\/media\/14995"}],"wp:attachment":[{"href":"http:\/\/staging.ibermusicas.org\/index.php\/wp-json\/wp\/v2\/media?parent=14994"}],"wp:term":[{"taxonomy":"category","embeddable":true,"href":"http:\/\/staging.ibermusicas.org\/index.php\/wp-json\/wp\/v2\/categories?post=14994"},{"taxonomy":"post_tag","embeddable":true,"href":"http:\/\/staging.ibermusicas.org\/index.php\/wp-json\/wp\/v2\/tags?post=14994"}],"curies":[{"name":"wp","href":"https:\/\/api.w.org\/{rel}","templated":true}]}}