{"id":14997,"date":"2023-02-27T21:55:09","date_gmt":"2023-02-27T21:55:09","guid":{"rendered":"http:\/\/staging.ibermusicas.org\/?p=14997"},"modified":"2023-04-03T11:20:51","modified_gmt":"2023-04-03T11:20:51","slug":"llega-mercado-uruguay-musical-vol-iii-conectando-nuestra-musica-al-mundo-2","status":"publish","type":"post","link":"http:\/\/staging.ibermusicas.org\/index.php\/llega-mercado-uruguay-musical-vol-iii-conectando-nuestra-musica-al-mundo-2\/","title":{"rendered":"Chega o Mercado Uruguay Musical Vol. III &#8211; conectando nossa m\u00fasica ao mundo"},"content":{"rendered":"<p>O Mercado Uruguay Musical \u00e9 parte fundamental do Projeto OIMUS \u2013 Ag\u00eancia de Exporta\u00e7\u00e3o Musical Uruguaia, da Funda\u00e7\u00e3o F\u00e3s de M\u00fasica, criada gra\u00e7as ao apoio da Ag\u00eancia de Fomento Nacional e do aval do Minist\u00e9rio da Educa\u00e7\u00e3o e Cultura.<\/p>\n<p>&nbsp;<\/p>\n<p>O Uruguai \u00e9 muito pequeno, um mercado ex\u00f3tico para muitos, mas poucos em n\u00famero de consumidores. Isso \u00e9 algo que joga contra quando se trata de colocar propostas musicais no mesmo n\u00edvel das estrangeiras. A internacionaliza\u00e7\u00e3o tem um papel importante no crescimento e profissionaliza\u00e7\u00e3o do artista, n\u00e3o s\u00f3 no posicionamento digital, ter experi\u00eancias internacionais aumenta a possibilidade de contrata\u00e7\u00e3o dentro e fora do pa\u00eds. Todos os caminhos levam ao fato de que o setor musical uruguaio deve cruzar rapidamente as fronteiras. E deve faz\u00ea-lo organicamente, n\u00e3o s\u00f3 para chegar ao mundo com maior pot\u00eancia, mas para continuar a manter a sua diversidade e riqueza art\u00edstica e evitar que muitos criadores caiam no esquecimento.<\/p>\n<p>&nbsp;<\/p>\n<p>Para que tudo isto aconte\u00e7a, \u00e9 fundamental a realiza\u00e7\u00e3o de Mercados de M\u00fasica acess\u00edveis no territ\u00f3rio e contar com programadores de Festivais internacionais, que participem na atividade. Por sua vez, os programadores ter\u00e3o a oportunidade de conhecer o mercado musical uruguaio e se interessar em trazer propostas que beneficiam economicamente o setor cultural do pa\u00eds.<\/p>\n<p>&nbsp;<\/p>\n<p>Uruguai Musical estabeleceu alian\u00e7as entre produtoras e produtores que implicam a cria\u00e7\u00e3o de novos projetos, novas oportunidades, desfazendo assim qualquer fronteira e promovendo a cria\u00e7\u00e3o de la\u00e7os humanos, o interc\u00e2mbio entre escolas<\/p>\n<p>&nbsp;<\/p>\n<p>De 13 a 17 de mar\u00e7o de 2023 em Montevid\u00e9u, Uruguai.<\/p>\n<p>https:\/\/www.instagram.com\/mercadodemusica.uy\/<\/p>\n<p>https:\/\/www.youtube.com\/channel\/UCuQcrg-heCItnKLNWZ2Yn-Q\/videos<\/p>\n<p>http:\/\/mercadodemusica.uy\/<\/p>\n<p>https:\/\/oimus.com\/<\/p>\n<p>http:\/\/fundacion.uy\/<\/p>\n","protected":false},"excerpt":{"rendered":"<p>O Mercado Uruguay Musical \u00e9 parte fundamental do Projeto OIMUS \u2013 Ag\u00eancia de Exporta\u00e7\u00e3o Musical Uruguaia, da Funda\u00e7\u00e3o F\u00e3s de M\u00fasica, criada gra\u00e7as ao apoio da Ag\u00eancia de Fomento Nacional e do aval do Minist\u00e9rio da Educa\u00e7\u00e3o e Cultura. &nbsp; O Uruguai \u00e9 muito pequeno, um mercado ex\u00f3tico para muitos, mas poucos em n\u00famero de [&hellip;]<\/p>\n","protected":false},"author":1,"featured_media":14995,"comment_status":"closed","ping_status":"closed","sticky":false,"template":"","format":"standard","meta":{"footnotes":""},"categories":[218],"tags":[],"class_list":["post-14997","post","type-post","status-publish","format-standard","has-post-thumbnail","hentry","category-noticias-generales-pt"],"lang":"pt","translations":{"pt":14997,"es":14994},"pll_sync_post":[],"post_mailing_queue_ids":[],"_links":{"self":[{"href":"http:\/\/staging.ibermusicas.org\/index.php\/wp-json\/wp\/v2\/posts\/14997","targetHints":{"allow":["GET"]}}],"collection":[{"href":"http:\/\/staging.ibermusicas.org\/index.php\/wp-json\/wp\/v2\/posts"}],"about":[{"href":"http:\/\/staging.ibermusicas.org\/index.php\/wp-json\/wp\/v2\/types\/post"}],"author":[{"embeddable":true,"href":"http:\/\/staging.ibermusicas.org\/index.php\/wp-json\/wp\/v2\/users\/1"}],"replies":[{"embeddable":true,"href":"http:\/\/staging.ibermusicas.org\/index.php\/wp-json\/wp\/v2\/comments?post=14997"}],"version-history":[{"count":2,"href":"http:\/\/staging.ibermusicas.org\/index.php\/wp-json\/wp\/v2\/posts\/14997\/revisions"}],"predecessor-version":[{"id":15000,"href":"http:\/\/staging.ibermusicas.org\/index.php\/wp-json\/wp\/v2\/posts\/14997\/revisions\/15000"}],"wp:featuredmedia":[{"embeddable":true,"href":"http:\/\/staging.ibermusicas.org\/index.php\/wp-json\/wp\/v2\/media\/14995"}],"wp:attachment":[{"href":"http:\/\/staging.ibermusicas.org\/index.php\/wp-json\/wp\/v2\/media?parent=14997"}],"wp:term":[{"taxonomy":"category","embeddable":true,"href":"http:\/\/staging.ibermusicas.org\/index.php\/wp-json\/wp\/v2\/categories?post=14997"},{"taxonomy":"post_tag","embeddable":true,"href":"http:\/\/staging.ibermusicas.org\/index.php\/wp-json\/wp\/v2\/tags?post=14997"}],"curies":[{"name":"wp","href":"https:\/\/api.w.org\/{rel}","templated":true}]}}