{"id":15001,"date":"2023-02-27T21:59:04","date_gmt":"2023-02-27T21:59:04","guid":{"rendered":"http:\/\/staging.ibermusicas.org\/?p=15001"},"modified":"2023-04-03T11:18:19","modified_gmt":"2023-04-03T11:18:19","slug":"barbarita-palacios-de-argentina-se-presentara-en-madrid-con-su-espectaculo-mujer-cancion-rock-como-parte-de-conexion-buenos-aires-madrid","status":"publish","type":"post","link":"http:\/\/staging.ibermusicas.org\/index.php\/barbarita-palacios-de-argentina-se-presentara-en-madrid-con-su-espectaculo-mujer-cancion-rock-como-parte-de-conexion-buenos-aires-madrid\/","title":{"rendered":"Barbarita Palacios, de Argentina se presentar\u00e1 en Madrid con su espect\u00e1culo \u201cMujer canci\u00f3n rock\u201d como parte de Conexi\u00f3n Buenos Aires &#8211; Madrid"},"content":{"rendered":"<p>\u201cMujer canci\u00f3n rock\u201d es un homenaje a las mujeres del rock argentino desde Gabriela, la primera mujer a principios de los a\u00f1os 70, pasando por Carola Cutaia, Celeste Carballo, Fabiana Cantilo, Mar\u00eda Gabriela Epumer, Rosario Blefari y Barbi Recanati. Versionando piezas de estas grandes artistas, se busca pensar<\/p>\n<p>la historia del rock nacional desde una perspectiva de g\u00e9nero.<\/p>\n<p>&nbsp;<\/p>\n<p>Barbarita Palacios es cantante, instrumentista, autora, compositora argentina, promotora de la Ley de Cupo Femenino en la M\u00fasica.<\/p>\n<p>&nbsp;<\/p>\n<p>En esta ocasi\u00f3n se presentar\u00e1 con su flamante y ecl\u00e9ctica banda integrada por Javier Casalla (Bajofondo) en viol\u00edn, guitarras y programaciones, y Lucero Carabajal (nieto de Cuti Carabajal, m\u00fasico y productor de trap) en bombo leg\u00fcero y percusi\u00f3n electr\u00f3nica.<\/p>\n<p>&nbsp;<\/p>\n<p>Conexi\u00f3n Buenos Aires &#8211; Madrid es un programa art\u00edstico<\/p>\n<p>cultural, creado por el Ministerio de Cultura de la Ciudad de<\/p>\n<p>Buenos Aires, que entre el 1 y el 15 de marzo de 2023 albergar\u00e1 diversas propuestas art\u00edsticas de Buenos Aires en Casa de<\/p>\n<p>Am\u00e9rica, Madrid.<\/p>\n<p>&nbsp;<\/p>\n<p>Buenos Aires y Madrid se encuentran unidas por un hilo invisible que las conecta de manera natural. La historia compartida, el idioma en com\u00fan y un afecto profundo son la base de una uni\u00f3n s\u00f3lida que se nutre en el pasado, se potencia en el presente y encuentra proyecci\u00f3n hacia el futuro. Dos ciudades que dialogan desde sus semejanzas y desde sus diferencias.<\/p>\n<p>&nbsp;<\/p>\n<p>Buenos Aires y Madrid est\u00e1n conectadas por un puente cultural que hoy decidimos celebrar y poner en valor. Este puente ser\u00e1 el camino perfecto que traslada desde Buenos Aires hacia Madrid a artistas y referentes indiscutidos del \u00e1mbito cultural porte\u00f1o.<\/p>\n<p>&nbsp;<\/p>\n<p>14 de marzo, 20:00 hs. Anfiteatro Gabriela Mistral, Madrid, Espa\u00f1a<\/p>\n","protected":false},"excerpt":{"rendered":"<p>\u201cMujer canci\u00f3n rock\u201d es un homenaje a las mujeres del rock argentino desde Gabriela, la primera mujer a principios de los a\u00f1os 70, pasando por Carola Cutaia, Celeste Carballo, Fabiana Cantilo, Mar\u00eda Gabriela Epumer, Rosario Blefari y Barbi Recanati. Versionando piezas de estas grandes artistas, se busca pensar la historia del rock nacional desde una [&hellip;]<\/p>\n","protected":false},"author":1,"featured_media":15002,"comment_status":"closed","ping_status":"closed","sticky":false,"template":"","format":"standard","meta":{"footnotes":""},"categories":[53],"tags":[],"class_list":["post-15001","post","type-post","status-publish","format-standard","has-post-thumbnail","hentry","category-noticias-generales"],"lang":"es","translations":{"es":15001,"pt":15004},"pll_sync_post":[],"post_mailing_queue_ids":[],"_links":{"self":[{"href":"http:\/\/staging.ibermusicas.org\/index.php\/wp-json\/wp\/v2\/posts\/15001","targetHints":{"allow":["GET"]}}],"collection":[{"href":"http:\/\/staging.ibermusicas.org\/index.php\/wp-json\/wp\/v2\/posts"}],"about":[{"href":"http:\/\/staging.ibermusicas.org\/index.php\/wp-json\/wp\/v2\/types\/post"}],"author":[{"embeddable":true,"href":"http:\/\/staging.ibermusicas.org\/index.php\/wp-json\/wp\/v2\/users\/1"}],"replies":[{"embeddable":true,"href":"http:\/\/staging.ibermusicas.org\/index.php\/wp-json\/wp\/v2\/comments?post=15001"}],"version-history":[{"count":1,"href":"http:\/\/staging.ibermusicas.org\/index.php\/wp-json\/wp\/v2\/posts\/15001\/revisions"}],"predecessor-version":[{"id":15003,"href":"http:\/\/staging.ibermusicas.org\/index.php\/wp-json\/wp\/v2\/posts\/15001\/revisions\/15003"}],"wp:featuredmedia":[{"embeddable":true,"href":"http:\/\/staging.ibermusicas.org\/index.php\/wp-json\/wp\/v2\/media\/15002"}],"wp:attachment":[{"href":"http:\/\/staging.ibermusicas.org\/index.php\/wp-json\/wp\/v2\/media?parent=15001"}],"wp:term":[{"taxonomy":"category","embeddable":true,"href":"http:\/\/staging.ibermusicas.org\/index.php\/wp-json\/wp\/v2\/categories?post=15001"},{"taxonomy":"post_tag","embeddable":true,"href":"http:\/\/staging.ibermusicas.org\/index.php\/wp-json\/wp\/v2\/tags?post=15001"}],"curies":[{"name":"wp","href":"https:\/\/api.w.org\/{rel}","templated":true}]}}