{"id":15004,"date":"2023-02-27T22:00:38","date_gmt":"2023-02-27T22:00:38","guid":{"rendered":"http:\/\/staging.ibermusicas.org\/?p=15004"},"modified":"2023-04-03T11:20:44","modified_gmt":"2023-04-03T11:20:44","slug":"a-argentina-barbarita-palacios-se-apresentara-em-madrid-com-seu-show-mujer-cancion-rock-como-parte-de-conexiao-buenos-aires-madrid","status":"publish","type":"post","link":"http:\/\/staging.ibermusicas.org\/index.php\/a-argentina-barbarita-palacios-se-apresentara-em-madrid-com-seu-show-mujer-cancion-rock-como-parte-de-conexiao-buenos-aires-madrid\/","title":{"rendered":"A argentina Barbarita Palacios se apresentar\u00e1 em Madrid com seu show \u00abMujer canci\u00f3n rock\u00bb como parte de Conexi\u00e3o Buenos Aires &#8211; Madrid"},"content":{"rendered":"<p>\u00abMujer canci\u00f3n rock\u00bb \u00e9 uma homenagem \u00e0s mulheres do rock argentino desde Gabriela, a primeira mulher no in\u00edcio dos anos 1980 70, passando por Carola Cutaia, Celeste Carballo, Fabiana Cantilo, Mar\u00eda Gabriela Epumer, Rosario Blefari e Barbi Recanati. Percorrendo pe\u00e7as desses grandes artistas, busca pensar a hist\u00f3ria do rock nacional a partir de uma perspectiva de g\u00eanero.<\/p>\n<p>Barbarita Palacios \u00e9 uma cantora argentina, instrumentista, autora, compositora, impulsora da Lei da Cota Feminina na M\u00fasica.<\/p>\n<p>Nesta ocasi\u00e3o, ele se apresentar\u00e1 com sua nova e ecl\u00e9tica banda composta por Javier Casalla (Bajofondo) no violino, guitarra e programa\u00e7\u00e3o, e Lucero Carabajal (neto de Cuti Carabajal, m\u00fasico e produtor de trap) no bumbo e percuss\u00e3o eletr\u00f4nica. Conexi\u00f3n Buenos Aires &#8211; Madri \u00e9 um programa art\u00edstico cultural, criado pelo Minist\u00e9rio da Cultura da Cidade de Buenos Aires, que entre 1 e 15 de mar\u00e7o de 2023 acolher\u00e1 v\u00e1rias propostas art\u00edsticas de Buenos Aires na Casa de Am\u00e9rica, Madrid.<\/p>\n<p>Buenos Aires e Madrid est\u00e3o ligadas por um fio invis\u00edvel que as conecta naturalmente. A hist\u00f3ria partilhada, a linguagem comum e um profundo afeto s\u00e3o a base de uma uni\u00e3o s\u00f3lida que se alimenta no passado, se fortalece no presente e se projeta rumo ao futuro. Duas cidades que dialogam a partir de suas semelhan\u00e7as e de suas diferen\u00e7as. Buenos Aires e Madrid est\u00e3o ligados por uma ponte cultural que hoje decidimos celebrar e valorizar. Esta ponte ser\u00e1 o caminho perfeito que traslada de Buenos Aires a Madrid artistas e refer\u00eancias indiscut\u00edveis da esfera cultural portenha.<\/p>\n<p>&nbsp;<\/p>\n<p>14 de mar\u00e7o, 20h Anfiteatro Gabriela Mistral, Madri, Espa\u00f1a<\/p>\n","protected":false},"excerpt":{"rendered":"<p>\u00abMujer canci\u00f3n rock\u00bb \u00e9 uma homenagem \u00e0s mulheres do rock argentino desde Gabriela, a primeira mulher no in\u00edcio dos anos 1980 70, passando por Carola Cutaia, Celeste Carballo, Fabiana Cantilo, Mar\u00eda Gabriela Epumer, Rosario Blefari e Barbi Recanati. Percorrendo pe\u00e7as desses grandes artistas, busca pensar a hist\u00f3ria do rock nacional a partir de uma perspectiva [&hellip;]<\/p>\n","protected":false},"author":1,"featured_media":15002,"comment_status":"closed","ping_status":"closed","sticky":false,"template":"","format":"standard","meta":{"footnotes":""},"categories":[218],"tags":[],"class_list":["post-15004","post","type-post","status-publish","format-standard","has-post-thumbnail","hentry","category-noticias-generales-pt"],"lang":"pt","translations":{"pt":15004,"es":15001},"pll_sync_post":[],"post_mailing_queue_ids":[],"_links":{"self":[{"href":"http:\/\/staging.ibermusicas.org\/index.php\/wp-json\/wp\/v2\/posts\/15004","targetHints":{"allow":["GET"]}}],"collection":[{"href":"http:\/\/staging.ibermusicas.org\/index.php\/wp-json\/wp\/v2\/posts"}],"about":[{"href":"http:\/\/staging.ibermusicas.org\/index.php\/wp-json\/wp\/v2\/types\/post"}],"author":[{"embeddable":true,"href":"http:\/\/staging.ibermusicas.org\/index.php\/wp-json\/wp\/v2\/users\/1"}],"replies":[{"embeddable":true,"href":"http:\/\/staging.ibermusicas.org\/index.php\/wp-json\/wp\/v2\/comments?post=15004"}],"version-history":[{"count":1,"href":"http:\/\/staging.ibermusicas.org\/index.php\/wp-json\/wp\/v2\/posts\/15004\/revisions"}],"predecessor-version":[{"id":15005,"href":"http:\/\/staging.ibermusicas.org\/index.php\/wp-json\/wp\/v2\/posts\/15004\/revisions\/15005"}],"wp:featuredmedia":[{"embeddable":true,"href":"http:\/\/staging.ibermusicas.org\/index.php\/wp-json\/wp\/v2\/media\/15002"}],"wp:attachment":[{"href":"http:\/\/staging.ibermusicas.org\/index.php\/wp-json\/wp\/v2\/media?parent=15004"}],"wp:term":[{"taxonomy":"category","embeddable":true,"href":"http:\/\/staging.ibermusicas.org\/index.php\/wp-json\/wp\/v2\/categories?post=15004"},{"taxonomy":"post_tag","embeddable":true,"href":"http:\/\/staging.ibermusicas.org\/index.php\/wp-json\/wp\/v2\/tags?post=15004"}],"curies":[{"name":"wp","href":"https:\/\/api.w.org\/{rel}","templated":true}]}}