{"id":15006,"date":"2023-02-27T22:02:28","date_gmt":"2023-02-27T22:02:28","guid":{"rendered":"http:\/\/staging.ibermusicas.org\/?p=15006"},"modified":"2023-02-27T22:02:28","modified_gmt":"2023-02-27T22:02:28","slug":"samambaia-la-casa-de-conciertos-de-lisboa-dedicada-a-las-musicas-de-brasil-anuncia-su-programacion-del-mes-de-marzo","status":"publish","type":"post","link":"http:\/\/staging.ibermusicas.org\/index.php\/samambaia-la-casa-de-conciertos-de-lisboa-dedicada-a-las-musicas-de-brasil-anuncia-su-programacion-del-mes-de-marzo\/","title":{"rendered":"Samambaia, la casa de conciertos de Lisboa dedicada a las m\u00fasicas de Brasil, anuncia su programaci\u00f3n del mes de marzo"},"content":{"rendered":"<p>Samambaia ha sido una de las iniciativas ganadoras del Premio Brasil Iberm\u00fasicas 2022. La casa de espect\u00e1culos Samambaia lleva dos a\u00f1os funcionando en Gra\u00e7a, un barrio bohemio de Lisboa, y se ha convertido en un punto de referencia y resistencia para la m\u00fasica brasile\u00f1a en Portugal. Samambaia surgi\u00f3 como una rara oportunidad de dar un escenario a los artistas brasile\u00f1os que viven en Portugal y, ahora, a los que pasan por Lisboa en sus giras europeas. Un lugar querido por los m\u00fasicos -que lo adoptaron desde el principio, promoviendo jam sessions memorables- y tambi\u00e9n por el p\u00fablico, que lo eligi\u00f3 como el mejor bar del a\u00f1o en los \u00abLove Local Awards\u00bb, promovidos por la revista Time Out.<\/p>\n<p>&nbsp;<\/p>\n<p>El concepto de Samambaia surgi\u00f3 de la percepci\u00f3n de las socias, Amanda Menezes y Andr\u00e9a Zamorano, de que Lisboa carec\u00eda de un lugar exclusivo para la m\u00fasica brasile\u00f1a alternativa y de calidad. Inaugurado en 2020, en plena pandemia, Samambaia naci\u00f3 con el prop\u00f3sito de dar escenario a artistas brasile\u00f1os, residentes en Portugal, a los que en aquel momento se les imped\u00eda viajar; as\u00ed como promover la cultura brasile\u00f1a m\u00e1s all\u00e1 de las fronteras.<\/p>\n<p>&nbsp;<\/p>\n<p>&nbsp;<\/p>\n<p>Jueves 2 de marzo, 19 hs. Beatriz Pessoa<\/p>\n<p>Viernes 3 de marzo, 20 hs. Um dois trio<\/p>\n<p>S\u00e1bado 4 de marzo, 20 hs. Camila Masiso<\/p>\n<p>S\u00e1bado 11 de marzo, 20 hs. Samba Fixe<\/p>\n<p>Viernes 10 de marzo, 20 hs. Samba sem fronteiras<\/p>\n<p>Viernes 17 de marzo, 20 hs. Tributo a Tim Maia<\/p>\n<p>S\u00e1bado 18 de marzo, 20 hs. Karla da Silva<\/p>\n<p>Viernes 24 de marzo, 20 hs. Vale Night<\/p>\n<p>S\u00e1bado 25 de marzo, 20 hs. Seu nome \u00e9 Gal<\/p>\n<p>&nbsp;<\/p>\n<p>Rua da Voz do Oper\u00e1rio, 13 Gra\u00e7a, Lisboa, Portugal<\/p>\n<p>reservas@samambaia.pt, Whatsapp +351914312355<\/p>\n<p><strong>\u00a0<\/strong><\/p>\n","protected":false},"excerpt":{"rendered":"<p>Samambaia ha sido una de las iniciativas ganadoras del Premio Brasil Iberm\u00fasicas 2022. La casa de espect\u00e1culos Samambaia lleva dos a\u00f1os funcionando en Gra\u00e7a, un barrio bohemio de Lisboa, y se ha convertido en un punto de referencia y resistencia para la m\u00fasica brasile\u00f1a en Portugal. Samambaia surgi\u00f3 como una rara oportunidad de dar un [&hellip;]<\/p>\n","protected":false},"author":1,"featured_media":15007,"comment_status":"closed","ping_status":"closed","sticky":false,"template":"","format":"standard","meta":{"footnotes":""},"categories":[53],"tags":[],"class_list":["post-15006","post","type-post","status-publish","format-standard","has-post-thumbnail","hentry","category-noticias-generales"],"lang":"es","translations":{"es":15006,"pt":15009},"pll_sync_post":[],"post_mailing_queue_ids":[],"_links":{"self":[{"href":"http:\/\/staging.ibermusicas.org\/index.php\/wp-json\/wp\/v2\/posts\/15006","targetHints":{"allow":["GET"]}}],"collection":[{"href":"http:\/\/staging.ibermusicas.org\/index.php\/wp-json\/wp\/v2\/posts"}],"about":[{"href":"http:\/\/staging.ibermusicas.org\/index.php\/wp-json\/wp\/v2\/types\/post"}],"author":[{"embeddable":true,"href":"http:\/\/staging.ibermusicas.org\/index.php\/wp-json\/wp\/v2\/users\/1"}],"replies":[{"embeddable":true,"href":"http:\/\/staging.ibermusicas.org\/index.php\/wp-json\/wp\/v2\/comments?post=15006"}],"version-history":[{"count":1,"href":"http:\/\/staging.ibermusicas.org\/index.php\/wp-json\/wp\/v2\/posts\/15006\/revisions"}],"predecessor-version":[{"id":15008,"href":"http:\/\/staging.ibermusicas.org\/index.php\/wp-json\/wp\/v2\/posts\/15006\/revisions\/15008"}],"wp:featuredmedia":[{"embeddable":true,"href":"http:\/\/staging.ibermusicas.org\/index.php\/wp-json\/wp\/v2\/media\/15007"}],"wp:attachment":[{"href":"http:\/\/staging.ibermusicas.org\/index.php\/wp-json\/wp\/v2\/media?parent=15006"}],"wp:term":[{"taxonomy":"category","embeddable":true,"href":"http:\/\/staging.ibermusicas.org\/index.php\/wp-json\/wp\/v2\/categories?post=15006"},{"taxonomy":"post_tag","embeddable":true,"href":"http:\/\/staging.ibermusicas.org\/index.php\/wp-json\/wp\/v2\/tags?post=15006"}],"curies":[{"name":"wp","href":"https:\/\/api.w.org\/{rel}","templated":true}]}}