{"id":15042,"date":"2023-03-14T16:25:26","date_gmt":"2023-03-14T16:25:26","guid":{"rendered":"http:\/\/staging.ibermusicas.org\/?p=15042"},"modified":"2024-02-26T17:07:14","modified_gmt":"2024-02-26T17:07:14","slug":"lancamentos-ibermusicas-no-spotify-e-youtube","status":"publish","type":"post","link":"http:\/\/staging.ibermusicas.org\/index.php\/lancamentos-ibermusicas-no-spotify-e-youtube\/","title":{"rendered":"Lan\u00e7amentos Iberm\u00fasicas no Spotify e Youtube"},"content":{"rendered":"<p>No \u00e2mbito do 10\u00ba anivers\u00e1rio do Programa Iberm\u00fasicas, estamos a abrir com esta iniciativa um novo di\u00e1logo no mundo do streaming. Queremos envolver-nos na conversa sonora global, gerando um espa\u00e7o com propostas de escuta n\u00e3o hegem\u00f4nicas que nos convidem a seguir novos caminhos.<\/p>\n<p>&nbsp;<\/p>\n<p>Lan\u00e7\u00e1mos o nosso pr\u00f3prio canal no Spotify com duas a\u00e7\u00f5es iniciais: \u00abIdentidades Sonoras\u00bb e \u00abItiner\u00e1rio Can\u00e7\u00e3o\u00bb.<\/p>\n<p>&nbsp;<\/p>\n<p>As diferentes express\u00f5es musicais que comp\u00f5em as paisagens sonoras da regi\u00e3o podem ser encontradas em \u00abIdentidades Sonoras\u00bb com curadoria de convidadas e convidados especiais de cada um dos pa\u00edses que comp\u00f5em Iberm\u00fasicas. Estas 30 listas de reprodu\u00e7\u00e3o prop\u00f5em uma poss\u00edvel viagem atrav\u00e9s dos mapas musicais das suas na\u00e7\u00f5es, de um ponto de vista autoral. Um total de 1500 can\u00e7\u00f5es com milhares de experi\u00eancias, buscas, sons, hist\u00f3rias, l\u00ednguas, vozes\u2026 um espelho no qual ver, encontrar e descobrir-se.<\/p>\n<p>&nbsp;<\/p>\n<p>As can\u00e7\u00f5es vencedoras de todas as edi\u00e7\u00f5es dos nossos concursos de cria\u00e7\u00e3o de can\u00e7\u00f5es tamb\u00e9m se entrela\u00e7am sob o nome de \u00abItiner\u00e1rio Can\u00e7\u00e3o\u00bb. Nas 9 edi\u00e7\u00f5es do nosso concurso de cria\u00e7\u00e3o de can\u00e7\u00f5es, mais de uma centena de compositoras e compositores j\u00e1 foram premiados. Todos os trabalhos premiados foram can\u00e7\u00f5es in\u00e9ditas especialmente criadas para serem apresentadas ao nosso concurso. Hoje essas can\u00e7\u00f5es est\u00e3o entrela\u00e7adas em \u201cTerra acesa\u201d e \u201cSob a luz deste mundo\u201d, as duas listas que comp\u00f5em o \u201cItiner\u00e1rio Can\u00e7\u00e3o\u201d . Mais de 90 artistas juntam-se para ligar os pa\u00edses da Ibero-Am\u00e9rica sob a protec\u00e7\u00e3o da m\u00fasica e da poesia.<\/p>\n<p>&nbsp;<\/p>\n<p>Ao mesmo tempo, geramos um vasto cat\u00e1logo de conte\u00fados no nosso canal Youtube, favorecendo assim a acessibilidade \u00e0 produ\u00e7\u00e3o diversificada, f\u00e9rtil e din\u00e2mica feita pelos benefici\u00e1rios do nosso Programa. A\u00ed encontrar\u00e1 v\u00e1rias categorias tais como Pa\u00edses, G\u00e9neros Musicais, Forma\u00e7\u00e3o e Obras Premiadas.<\/p>\n<p>&nbsp;<\/p>\n<p>Este \u00e9 um novo lugar para a presen\u00e7a da Iberm\u00fasicas nos canais digitais. Convidamo-lo para esta viagem por toda a gama de cores e sons da Ibero-Am\u00e9rica.<\/p>\n<p>&nbsp;<\/p>\n<p><a href=\"http:\/\/staging.ibermusicas.org\/index.php\/playlist-pt\/\">http:\/\/staging.ibermusicas.org\/index.php\/playlist-pt\/<\/a><\/p>\n<p><a href=\"https:\/\/www.youtube.com\/@Ibermusicas\">https:\/\/www.youtube.com\/@Ibermusicas<\/a><\/p>\n<p><a href=\"https:\/\/open.spotify.com\/user\/31itttdkom3ongvlpbsftdco2txi\">https:\/\/open.spotify.com\/user\/31itttdkom3ongvlpbsftdco2txi<\/a><\/p>\n<p>&nbsp;<\/p>\n<p>&nbsp;<\/p>\n<p>Fizeram parte de Identidades Sonoras:<\/p>\n<p>&nbsp;<\/p>\n<p>Camila Zajdman <a href=\"http:\/\/staging.ibermusicas.org\/index.php\/playlist-pt\/#playlist_1\">http:\/\/staging.ibermusicas.org\/index.php\/playlist-pt\/#playlist_1<\/a><\/p>\n<p>Bel\u00e9n Jerez <a href=\"http:\/\/staging.ibermusicas.org\/index.php\/playlist-pt\/#playlist_2\">http:\/\/staging.ibermusicas.org\/index.php\/playlist-pt\/#playlist_2<\/a><\/p>\n<p>Ligiana Costa <a href=\"http:\/\/staging.ibermusicas.org\/index.php\/playlist-pt\/#playlist_3\">http:\/\/staging.ibermusicas.org\/index.php\/playlist-pt\/#playlist_3<\/a><\/p>\n<p>Paulo Moraes Pires <a href=\"http:\/\/staging.ibermusicas.org\/index.php\/playlist-pt\/#playlist_4\">http:\/\/staging.ibermusicas.org\/index.php\/playlist-pt\/#playlist_4<\/a><\/p>\n<p>Marisol Garc\u00eda <a href=\"http:\/\/staging.ibermusicas.org\/index.php\/playlist-pt\/#playlist_6\">http:\/\/staging.ibermusicas.org\/index.php\/playlist-pt\/#playlist_6<\/a><\/p>\n<p>Juan Pablo Gonz\u00e1lez <a href=\"http:\/\/staging.ibermusicas.org\/index.php\/playlist-pt\/#playlist_7\">http:\/\/staging.ibermusicas.org\/index.php\/playlist-pt\/#playlist_7<\/a><\/p>\n<p>Luisa Pi\u00f1eros <a href=\"http:\/\/staging.ibermusicas.org\/index.php\/playlist-pt\/#playlist_8\">http:\/\/staging.ibermusicas.org\/index.php\/playlist-pt\/#playlist_8<\/a><\/p>\n<p>Luis Daniel Vega <a href=\"http:\/\/staging.ibermusicas.org\/index.php\/playlist-pt\/#playlist_9\">http:\/\/staging.ibermusicas.org\/index.php\/playlist-pt\/#playlist_9<\/a><\/p>\n<p>Susan Campos <a href=\"http:\/\/staging.ibermusicas.org\/index.php\/playlist-pt\/#playlist_5\">http:\/\/staging.ibermusicas.org\/index.php\/playlist-pt\/#playlist_5<\/a><\/p>\n<p>Manuel Monestel <a href=\"http:\/\/staging.ibermusicas.org\/index.php\/playlist-pt\/#playlist_10\">http:\/\/staging.ibermusicas.org\/index.php\/playlist-pt\/#playlist_10<\/a><\/p>\n<p>Adolfo Costales <a href=\"http:\/\/staging.ibermusicas.org\/index.php\/playlist-pt\/#playlist_11\">http:\/\/staging.ibermusicas.org\/index.php\/playlist-pt\/#playlist_11<\/a><\/p>\n<p>Mait\u00e9 R\u00edos <a href=\"http:\/\/staging.ibermusicas.org\/index.php\/playlist-pt\/#playlist_12\">http:\/\/staging.ibermusicas.org\/index.php\/playlist-pt\/#playlist_12<\/a><\/p>\n<p>Isadora Ponce <a href=\"http:\/\/staging.ibermusicas.org\/index.php\/playlist-pt\/#playlist_13\">http:\/\/staging.ibermusicas.org\/index.php\/playlist-pt\/#playlist_13<\/a><\/p>\n<p>Hern\u00e1n Guerrero <a href=\"http:\/\/staging.ibermusicas.org\/index.php\/playlist-pt\/#playlist_14\">http:\/\/staging.ibermusicas.org\/index.php\/playlist-pt\/#playlist_14<\/a><\/p>\n<p>Gustavo Iglesias <a href=\"http:\/\/staging.ibermusicas.org\/index.php\/playlist-pt\/#playlist_27\">http:\/\/staging.ibermusicas.org\/index.php\/playlist-pt\/#playlist_27<\/a><\/p>\n<p>Virginia D\u00edaz <a href=\"http:\/\/staging.ibermusicas.org\/index.php\/playlist-pt\/#playlist_28\">http:\/\/staging.ibermusicas.org\/index.php\/playlist-pt\/#playlist_28<\/a><\/p>\n<p>Dulce Huet <a href=\"http:\/\/staging.ibermusicas.org\/index.php\/playlist-pt\/#playlist_15\">http:\/\/staging.ibermusicas.org\/index.php\/playlist-pt\/#playlist_15<\/a><\/p>\n<p>Vivir Quintana <a href=\"http:\/\/staging.ibermusicas.org\/index.php\/playlist-pt\/#playlist_16\">http:\/\/staging.ibermusicas.org\/index.php\/playlist-pt\/#playlist_16<\/a><\/p>\n<p>Luis Arteaga <a href=\"http:\/\/staging.ibermusicas.org\/index.php\/playlist-pt\/#playlist_17\">http:\/\/staging.ibermusicas.org\/index.php\/playlist-pt\/#playlist_17<\/a><\/p>\n<p>Yahaira Osiris <a href=\"http:\/\/staging.ibermusicas.org\/index.php\/playlist-pt\/#playlist_18\">http:\/\/staging.ibermusicas.org\/index.php\/playlist-pt\/#playlist_18<\/a><\/p>\n<p>Sergio Ferreira <a href=\"http:\/\/staging.ibermusicas.org\/index.php\/playlist-pt\/#playlist_19\">http:\/\/staging.ibermusicas.org\/index.php\/playlist-pt\/#playlist_19<\/a><\/p>\n<p>Marlene Sosa Lugo <a href=\"http:\/\/staging.ibermusicas.org\/index.php\/playlist-pt\/#playlist_20\">http:\/\/staging.ibermusicas.org\/index.php\/playlist-pt\/#playlist_20<\/a><\/p>\n<p>Alfredo Villar Lurquin <a href=\"http:\/\/staging.ibermusicas.org\/index.php\/playlist-pt\/#playlist_21\">http:\/\/staging.ibermusicas.org\/index.php\/playlist-pt\/#playlist_21<\/a><\/p>\n<p>Celeste Acosta Rom\u00e1n <a href=\"http:\/\/staging.ibermusicas.org\/index.php\/playlist-pt\/#playlist_22\">http:\/\/staging.ibermusicas.org\/index.php\/playlist-pt\/#playlist_22<\/a><\/p>\n<p>Pedro Dias de Almeida\u00a0 <a href=\"http:\/\/staging.ibermusicas.org\/index.php\/playlist-pt\/#playlist_29\">http:\/\/staging.ibermusicas.org\/index.php\/playlist-pt\/#playlist_29<\/a><\/p>\n<p>Sara Vidal <a href=\"http:\/\/staging.ibermusicas.org\/index.php\/playlist-pt\/#playlist_30\">http:\/\/staging.ibermusicas.org\/index.php\/playlist-pt\/#playlist_30<\/a><\/p>\n<p>Pablo Zerboni <a href=\"http:\/\/staging.ibermusicas.org\/index.php\/playlist-pt\/#playlist_23\">http:\/\/staging.ibermusicas.org\/index.php\/playlist-pt\/#playlist_23<\/a><\/p>\n<p>Sara Sabah <a href=\"http:\/\/staging.ibermusicas.org\/index.php\/playlist-pt\/#playlist_24\">http:\/\/staging.ibermusicas.org\/index.php\/playlist-pt\/#playlist_24<\/a><\/p>\n<p>Fabiola Jos\u00e9 <a href=\"http:\/\/staging.ibermusicas.org\/index.php\/playlist-pt\/#playlist_25\">http:\/\/staging.ibermusicas.org\/index.php\/playlist-pt\/#playlist_25<\/a><\/p>\n<p>Ignacio Barreto <a href=\"http:\/\/staging.ibermusicas.org\/index.php\/playlist-pt\/#playlist_26\">http:\/\/staging.ibermusicas.org\/index.php\/playlist-pt\/#playlist_26<\/a><\/p>\n<p>&nbsp;<\/p>\n","protected":false},"excerpt":{"rendered":"<p>No \u00e2mbito do 10\u00ba anivers\u00e1rio do Programa Iberm\u00fasicas, estamos a abrir com esta iniciativa um novo di\u00e1logo no mundo do streaming. Queremos envolver-nos na conversa sonora global, gerando um espa\u00e7o com propostas de escuta n\u00e3o hegem\u00f4nicas que nos convidem a seguir novos caminhos. &nbsp; Lan\u00e7\u00e1mos o nosso pr\u00f3prio canal no Spotify com duas a\u00e7\u00f5es iniciais: [&hellip;]<\/p>\n","protected":false},"author":1,"featured_media":15040,"comment_status":"closed","ping_status":"closed","sticky":false,"template":"","format":"standard","meta":{"footnotes":""},"categories":[218],"tags":[],"class_list":["post-15042","post","type-post","status-publish","format-standard","has-post-thumbnail","hentry","category-noticias-generales-pt"],"lang":"pt","translations":{"pt":15042,"es":15039},"pll_sync_post":[],"post_mailing_queue_ids":[],"_links":{"self":[{"href":"http:\/\/staging.ibermusicas.org\/index.php\/wp-json\/wp\/v2\/posts\/15042","targetHints":{"allow":["GET"]}}],"collection":[{"href":"http:\/\/staging.ibermusicas.org\/index.php\/wp-json\/wp\/v2\/posts"}],"about":[{"href":"http:\/\/staging.ibermusicas.org\/index.php\/wp-json\/wp\/v2\/types\/post"}],"author":[{"embeddable":true,"href":"http:\/\/staging.ibermusicas.org\/index.php\/wp-json\/wp\/v2\/users\/1"}],"replies":[{"embeddable":true,"href":"http:\/\/staging.ibermusicas.org\/index.php\/wp-json\/wp\/v2\/comments?post=15042"}],"version-history":[{"count":1,"href":"http:\/\/staging.ibermusicas.org\/index.php\/wp-json\/wp\/v2\/posts\/15042\/revisions"}],"predecessor-version":[{"id":15043,"href":"http:\/\/staging.ibermusicas.org\/index.php\/wp-json\/wp\/v2\/posts\/15042\/revisions\/15043"}],"wp:featuredmedia":[{"embeddable":true,"href":"http:\/\/staging.ibermusicas.org\/index.php\/wp-json\/wp\/v2\/media\/15040"}],"wp:attachment":[{"href":"http:\/\/staging.ibermusicas.org\/index.php\/wp-json\/wp\/v2\/media?parent=15042"}],"wp:term":[{"taxonomy":"category","embeddable":true,"href":"http:\/\/staging.ibermusicas.org\/index.php\/wp-json\/wp\/v2\/categories?post=15042"},{"taxonomy":"post_tag","embeddable":true,"href":"http:\/\/staging.ibermusicas.org\/index.php\/wp-json\/wp\/v2\/tags?post=15042"}],"curies":[{"name":"wp","href":"https:\/\/api.w.org\/{rel}","templated":true}]}}