{"id":15044,"date":"2023-03-14T16:41:32","date_gmt":"2023-03-14T16:41:32","guid":{"rendered":"http:\/\/staging.ibermusicas.org\/?p=15044"},"modified":"2023-04-03T11:18:13","modified_gmt":"2023-04-03T11:18:13","slug":"la-cantautora-argentina-georgina-hassan-lanza-su-nuevo-disco-conteniendo-la-cancion-compuesta-junto-al-poeta-gallego-eduardo-estevez-cancion-ganadora-del-concurso-ibermusicas-de-creacion-de-cancion-2","status":"publish","type":"post","link":"http:\/\/staging.ibermusicas.org\/index.php\/la-cantautora-argentina-georgina-hassan-lanza-su-nuevo-disco-conteniendo-la-cancion-compuesta-junto-al-poeta-gallego-eduardo-estevez-cancion-ganadora-del-concurso-ibermusicas-de-creacion-de-cancion-2\/","title":{"rendered":"La cantautora argentina Georgina Hassan lanza su nuevo disco conteniendo la canci\u00f3n compuesta junto al poeta gallego Eduardo Est\u00e9vez, canci\u00f3n ganadora del Concurso Iberm\u00fasicas de Creaci\u00f3n de Canci\u00f3n 2022"},"content":{"rendered":"<p>\u201cLas Formas de la Noche\u201d es el t\u00edtulo del quinto disco de Georgina Hassan en el cual la destacada cantante y compositora, que ya es una referente de la canci\u00f3n latinoamericana de los \u00faltimos a\u00f1os, propone un viaje hacia la noche, con mayor\u00eda de piezas propias y dos versiones de otros autores. \u201cEn viaje\u201d es el t\u00edtulo de la canci\u00f3n que result\u00f3 ganadora por Espa\u00f1a en la reciente edici\u00f3n del Concurso Iberm\u00fasicas de Creaci\u00f3n de Canci\u00f3n.<\/p>\n<p>&nbsp;<\/p>\n<p>Georgina y Eduardo se conocieron en ocasi\u00f3n de la presentaci\u00f3n de un libro del poeta en el Museo del Libro y de la Lengua de Buenos Aires. De ese encuentro surgieron colaboraciones art\u00edsticas que ya se han visto plasmadas en un disco anterior de Georgina Hassan. Ahora es el turno de \u201cEn viaje\u201d, una huella, antigua danza y forma musical caracter\u00edstica del folclore pampeano y bonaerense.<\/p>\n<p>&nbsp;<\/p>\n<p>En este nuevo trabajo discogr\u00e1fico, Georgina Hassan, en voz, cuatro venezolano, guitarra y composici\u00f3n, est\u00e1 acompa\u00f1ada por Pablo Fraguela en piano, acorde\u00f3n y arreglos, Rafael Delgado en violonchelo, Lautaro Matute en guitarras, Guido Mart\u00ednez en contrabajo y Facundo Guevara en percusi\u00f3n. Tambi\u00e9n participa el cuarteto de cuerdas integrado por Diego Tejedor: viol\u00edn I, Tatiana Glava: viol\u00edn II, Adri\u00e1n Felizia: viola y Rafael Delgado: violonchelo.<\/p>\n<p>&nbsp;<\/p>\n<p>Composiciones propias como \u201cEspejo Azul\u201d, \u201cDesvelo\u201d, \u201cLa costurera\u201d y \u201cEn viaje\u201d se entrelazan con dos versiones de otros autores. Por primera vez, Georgina toca el piano en \u201cRomancero\u201d, musicaliza \u201cVentanal\u201d, poema de V\u00edctor Hugo Morales y nos trae \u201cLugar de m\u00ed\u201d del uruguayo Mauricio Ubal, cerrando el disco con una versi\u00f3n orquestada y en vivo del cl\u00e1sico de Violeta Parra \u201cVolver a los diecisiete\u201d.<\/p>\n<p>&nbsp;<\/p>\n<p>Como invitados especiales, participan Liliana Vitale, los chilenos Manuel Garc\u00eda y Magdalena Matthey. Desde Paran\u00e1, Entre R\u00edos, Silvia Rusa Salomone y M en vientos. En \u201cJazm\u00edn de deseo\u201d el coro de amigas cantoras lo forman Marta G\u00f3mez, Luvi Torres, Florencia D\u00e1valos y Mishka Adams. El disco fue realizado con el apoyo del Fondo Nacional de las Artes.<\/p>\n<p>&nbsp;<\/p>\n<p>Escuchar la canci\u00f3n en: <a href=\"https:\/\/open.spotify.com\/track\/1iJwfxbQZ2ySI1h4fP9MT7?si=29e136f1519d4b17\">https:\/\/open.spotify.com\/track\/1iJwfxbQZ2ySI1h4fP9MT7?si=29e136f1519d4b17<\/a><\/p>\n<p>&nbsp;<\/p>\n<p>Escuchar el disco completo en: <a href=\"https:\/\/open.spotify.com\/album\/2IRn1ORXzOrONJknIRbZdJ?si=I7J7rDjQSnqhe1niENZCtg\">https:\/\/open.spotify.com\/album\/2IRn1ORXzOrONJknIRbZdJ?si=I7J7rDjQSnqhe1niENZCtg<\/a><\/p>\n<p>&nbsp;<\/p>\n<p>Ver el video en: <a href=\"https:\/\/youtu.be\/Ycp-x8vZUYM\">https:\/\/youtu.be\/Ycp-x8vZUYM<\/a><\/p>\n<p>&nbsp;<\/p>\n<p>Presentaci\u00f3n oficial: viernes 14 de abril a las 20.30h en el Teatro Xirgu Untref, Chacabuco 875, San Telmo, Ciudad de Buenos Aires, Argentina.<\/p>\n","protected":false},"excerpt":{"rendered":"<p>\u201cLas Formas de la Noche\u201d es el t\u00edtulo del quinto disco de Georgina Hassan en el cual la destacada cantante y compositora, que ya es una referente de la canci\u00f3n latinoamericana de los \u00faltimos a\u00f1os, propone un viaje hacia la noche, con mayor\u00eda de piezas propias y dos versiones de otros autores. \u201cEn viaje\u201d es [&hellip;]<\/p>\n","protected":false},"author":1,"featured_media":15045,"comment_status":"closed","ping_status":"closed","sticky":false,"template":"","format":"standard","meta":{"footnotes":""},"categories":[53],"tags":[],"class_list":["post-15044","post","type-post","status-publish","format-standard","has-post-thumbnail","hentry","category-noticias-generales"],"lang":"es","translations":{"es":15044,"pt":15047},"pll_sync_post":[],"post_mailing_queue_ids":[],"_links":{"self":[{"href":"http:\/\/staging.ibermusicas.org\/index.php\/wp-json\/wp\/v2\/posts\/15044","targetHints":{"allow":["GET"]}}],"collection":[{"href":"http:\/\/staging.ibermusicas.org\/index.php\/wp-json\/wp\/v2\/posts"}],"about":[{"href":"http:\/\/staging.ibermusicas.org\/index.php\/wp-json\/wp\/v2\/types\/post"}],"author":[{"embeddable":true,"href":"http:\/\/staging.ibermusicas.org\/index.php\/wp-json\/wp\/v2\/users\/1"}],"replies":[{"embeddable":true,"href":"http:\/\/staging.ibermusicas.org\/index.php\/wp-json\/wp\/v2\/comments?post=15044"}],"version-history":[{"count":1,"href":"http:\/\/staging.ibermusicas.org\/index.php\/wp-json\/wp\/v2\/posts\/15044\/revisions"}],"predecessor-version":[{"id":15046,"href":"http:\/\/staging.ibermusicas.org\/index.php\/wp-json\/wp\/v2\/posts\/15044\/revisions\/15046"}],"wp:featuredmedia":[{"embeddable":true,"href":"http:\/\/staging.ibermusicas.org\/index.php\/wp-json\/wp\/v2\/media\/15045"}],"wp:attachment":[{"href":"http:\/\/staging.ibermusicas.org\/index.php\/wp-json\/wp\/v2\/media?parent=15044"}],"wp:term":[{"taxonomy":"category","embeddable":true,"href":"http:\/\/staging.ibermusicas.org\/index.php\/wp-json\/wp\/v2\/categories?post=15044"},{"taxonomy":"post_tag","embeddable":true,"href":"http:\/\/staging.ibermusicas.org\/index.php\/wp-json\/wp\/v2\/tags?post=15044"}],"curies":[{"name":"wp","href":"https:\/\/api.w.org\/{rel}","templated":true}]}}