{"id":15049,"date":"2023-03-14T16:46:07","date_gmt":"2023-03-14T16:46:07","guid":{"rendered":"http:\/\/staging.ibermusicas.org\/?p=15049"},"modified":"2023-03-14T16:46:07","modified_gmt":"2023-03-14T16:46:07","slug":"marcos-exposito-de-uruguay-y-gaddafi-nunez-de-peru-presentan-el-album-completo-chabuca-negra","status":"publish","type":"post","link":"http:\/\/staging.ibermusicas.org\/index.php\/marcos-exposito-de-uruguay-y-gaddafi-nunez-de-peru-presentan-el-album-completo-chabuca-negra\/","title":{"rendered":"Marcos Exp\u00f3sito de Uruguay y Gaddafi N\u00fa\u00f1ez de Per\u00fa presentan el \u00e1lbum completo Chabuca Negra"},"content":{"rendered":"<p>El multiinstrumentista peruano Gaddafi N\u00fa\u00f1ez y el bajista uruguayo Marcos Exp\u00f3sito acaban de lanzar el \u00e1lbum completo \u201cChabuca negra\u201d, un trabajo que revisa la etapa afroperuana de la gran compositora y cantantes peruana Chabuca Granda, sum\u00e1ndose, como forma de innovaci\u00f3n y di\u00e1logo intercultural, el relacionar estas composiciones con otros ritmos iberoamericanos de origen afro (como el Candombe, la Milonga, o el Ajechao).<\/p>\n<p>&nbsp;<\/p>\n<p>Este proyecto cuenta con el arte de Pedro Strukel, la participaci\u00f3n activa de Anna Colom (Espa\u00f1a), Melan\u00ed Luraschi (Uruguay), Eliseo Parra (Espa\u00f1a), Fran Lucas (Espa\u00f1a), Federico Blois (Uruguay), Alvaro Ponce de Le\u00f3n (Per\u00fa) y Luana Baptista (Uruguay).<\/p>\n<p>&nbsp;<\/p>\n<p>Escuchar el disco en: <a href=\"https:\/\/orcd.co\/chabuca\">https:\/\/orcd.co\/chabuca<\/a><\/p>\n","protected":false},"excerpt":{"rendered":"<p>El multiinstrumentista peruano Gaddafi N\u00fa\u00f1ez y el bajista uruguayo Marcos Exp\u00f3sito acaban de lanzar el \u00e1lbum completo \u201cChabuca negra\u201d, un trabajo que revisa la etapa afroperuana de la gran compositora y cantantes peruana Chabuca Granda, sum\u00e1ndose, como forma de innovaci\u00f3n y di\u00e1logo intercultural, el relacionar estas composiciones con otros ritmos iberoamericanos de origen afro (como [&hellip;]<\/p>\n","protected":false},"author":1,"featured_media":14881,"comment_status":"closed","ping_status":"closed","sticky":false,"template":"","format":"standard","meta":{"footnotes":""},"categories":[53],"tags":[],"class_list":["post-15049","post","type-post","status-publish","format-standard","has-post-thumbnail","hentry","category-noticias-generales"],"lang":"es","translations":{"es":15049,"pt":15051},"pll_sync_post":[],"post_mailing_queue_ids":[],"_links":{"self":[{"href":"http:\/\/staging.ibermusicas.org\/index.php\/wp-json\/wp\/v2\/posts\/15049","targetHints":{"allow":["GET"]}}],"collection":[{"href":"http:\/\/staging.ibermusicas.org\/index.php\/wp-json\/wp\/v2\/posts"}],"about":[{"href":"http:\/\/staging.ibermusicas.org\/index.php\/wp-json\/wp\/v2\/types\/post"}],"author":[{"embeddable":true,"href":"http:\/\/staging.ibermusicas.org\/index.php\/wp-json\/wp\/v2\/users\/1"}],"replies":[{"embeddable":true,"href":"http:\/\/staging.ibermusicas.org\/index.php\/wp-json\/wp\/v2\/comments?post=15049"}],"version-history":[{"count":1,"href":"http:\/\/staging.ibermusicas.org\/index.php\/wp-json\/wp\/v2\/posts\/15049\/revisions"}],"predecessor-version":[{"id":15050,"href":"http:\/\/staging.ibermusicas.org\/index.php\/wp-json\/wp\/v2\/posts\/15049\/revisions\/15050"}],"wp:featuredmedia":[{"embeddable":true,"href":"http:\/\/staging.ibermusicas.org\/index.php\/wp-json\/wp\/v2\/media\/14881"}],"wp:attachment":[{"href":"http:\/\/staging.ibermusicas.org\/index.php\/wp-json\/wp\/v2\/media?parent=15049"}],"wp:term":[{"taxonomy":"category","embeddable":true,"href":"http:\/\/staging.ibermusicas.org\/index.php\/wp-json\/wp\/v2\/categories?post=15049"},{"taxonomy":"post_tag","embeddable":true,"href":"http:\/\/staging.ibermusicas.org\/index.php\/wp-json\/wp\/v2\/tags?post=15049"}],"curies":[{"name":"wp","href":"https:\/\/api.w.org\/{rel}","templated":true}]}}