{"id":15051,"date":"2023-03-14T16:48:01","date_gmt":"2023-03-14T16:48:01","guid":{"rendered":"http:\/\/staging.ibermusicas.org\/?p=15051"},"modified":"2023-03-14T16:48:01","modified_gmt":"2023-03-14T16:48:01","slug":"marcos-exposito-do-uruguai-e-gaddafi-nunez-do-peru-apresentam-o-album-completo-chabuca-negra","status":"publish","type":"post","link":"http:\/\/staging.ibermusicas.org\/index.php\/marcos-exposito-do-uruguai-e-gaddafi-nunez-do-peru-apresentam-o-album-completo-chabuca-negra\/","title":{"rendered":"Marcos Exp\u00f3sito do Uruguai e Gaddafi N\u00fa\u00f1ez do Peru apresentam o \u00e1lbum completo Chabuca Negra"},"content":{"rendered":"<p>O multi-instrumentista peruano Gaddafi N\u00fa\u00f1ez e o baixista uruguaio Marcos Exp\u00f3sito acabam de lan\u00e7ar o \u00e1lbum completo \u00abChabuca Negra\u00bb, uma obra que revisita o per\u00edodo afro-peruano da grande compositora e cantora peruana Chabuca Granda, acrescentando, como forma de inova\u00e7\u00e3o e di\u00e1logo intercultural, a liga\u00e7\u00e3o destas composi\u00e7\u00f5es com outros ritmos ibero-americanos de origem afro (tais como Candombe, Milonga, ou Ajechao).<\/p>\n<p>&nbsp;<\/p>\n<p>Este projecto conta com a arte de Pedro Strukel, com a participa\u00e7\u00e3o activa de Anna Colom (Espanha), Melan\u00ed Luraschi (Uruguai), Eliseo Parra (Espanha), Fran Lucas (Espanha), Federico Blois (Uruguai), Alvaro Ponce de Le\u00f3n (Peru) e Luana Baptista (Uruguai).<\/p>\n<p>&nbsp;<\/p>\n<p>&nbsp;<\/p>\n<p>Ouvir o \u00e1lbum em: <a href=\"https:\/\/orcd.co\/chabuca\">https:\/\/orcd.co\/chabuca<\/a><\/p>\n","protected":false},"excerpt":{"rendered":"<p>O multi-instrumentista peruano Gaddafi N\u00fa\u00f1ez e o baixista uruguaio Marcos Exp\u00f3sito acabam de lan\u00e7ar o \u00e1lbum completo \u00abChabuca Negra\u00bb, uma obra que revisita o per\u00edodo afro-peruano da grande compositora e cantora peruana Chabuca Granda, acrescentando, como forma de inova\u00e7\u00e3o e di\u00e1logo intercultural, a liga\u00e7\u00e3o destas composi\u00e7\u00f5es com outros ritmos ibero-americanos de origem afro (tais como [&hellip;]<\/p>\n","protected":false},"author":1,"featured_media":14881,"comment_status":"closed","ping_status":"closed","sticky":false,"template":"","format":"standard","meta":{"footnotes":""},"categories":[218],"tags":[],"class_list":["post-15051","post","type-post","status-publish","format-standard","has-post-thumbnail","hentry","category-noticias-generales-pt"],"lang":"pt","translations":{"pt":15051,"es":15049},"pll_sync_post":[],"post_mailing_queue_ids":[],"_links":{"self":[{"href":"http:\/\/staging.ibermusicas.org\/index.php\/wp-json\/wp\/v2\/posts\/15051","targetHints":{"allow":["GET"]}}],"collection":[{"href":"http:\/\/staging.ibermusicas.org\/index.php\/wp-json\/wp\/v2\/posts"}],"about":[{"href":"http:\/\/staging.ibermusicas.org\/index.php\/wp-json\/wp\/v2\/types\/post"}],"author":[{"embeddable":true,"href":"http:\/\/staging.ibermusicas.org\/index.php\/wp-json\/wp\/v2\/users\/1"}],"replies":[{"embeddable":true,"href":"http:\/\/staging.ibermusicas.org\/index.php\/wp-json\/wp\/v2\/comments?post=15051"}],"version-history":[{"count":1,"href":"http:\/\/staging.ibermusicas.org\/index.php\/wp-json\/wp\/v2\/posts\/15051\/revisions"}],"predecessor-version":[{"id":15052,"href":"http:\/\/staging.ibermusicas.org\/index.php\/wp-json\/wp\/v2\/posts\/15051\/revisions\/15052"}],"wp:featuredmedia":[{"embeddable":true,"href":"http:\/\/staging.ibermusicas.org\/index.php\/wp-json\/wp\/v2\/media\/14881"}],"wp:attachment":[{"href":"http:\/\/staging.ibermusicas.org\/index.php\/wp-json\/wp\/v2\/media?parent=15051"}],"wp:term":[{"taxonomy":"category","embeddable":true,"href":"http:\/\/staging.ibermusicas.org\/index.php\/wp-json\/wp\/v2\/categories?post=15051"},{"taxonomy":"post_tag","embeddable":true,"href":"http:\/\/staging.ibermusicas.org\/index.php\/wp-json\/wp\/v2\/tags?post=15051"}],"curies":[{"name":"wp","href":"https:\/\/api.w.org\/{rel}","templated":true}]}}