{"id":15053,"date":"2023-03-14T16:50:03","date_gmt":"2023-03-14T16:50:03","guid":{"rendered":"http:\/\/staging.ibermusicas.org\/?p=15053"},"modified":"2023-04-03T11:18:06","modified_gmt":"2023-04-03T11:18:06","slug":"las-musicas-del-pacifico-norte-colombiano-se-hacen-presentes-en-barcelona-de-la-mano-de-la-suculenta-chirimia-y-la-ruka","status":"publish","type":"post","link":"http:\/\/staging.ibermusicas.org\/index.php\/las-musicas-del-pacifico-norte-colombiano-se-hacen-presentes-en-barcelona-de-la-mano-de-la-suculenta-chirimia-y-la-ruka\/","title":{"rendered":"Las m\u00fasicas del Pac\u00edfico norte colombiano se hacen presentes en Barcelona de la mano de \u201cLa Suculenta Chirimia y La Ruka\u201d"},"content":{"rendered":"<p>Un grupo de siete mujeres m\u00fasicas, docentes e investigadoras amantes de las m\u00fasicas raizales, en especial de las m\u00fasicas del Pacifico norte de Colombia. Un repertorio compuesto por abosaos, porros, pasillos que invitan a celebrar y a conectar con la diversidad cultural colombiana.<\/p>\n<p>&nbsp;<\/p>\n<p>Una propuesta musical motivada en la reivindicaci\u00f3n del papel de la mujer en el escenario de la m\u00fasica y en la visualizaci\u00f3n de lo importante que ha sido la influencia cultural afro.<\/p>\n<p>&nbsp;<\/p>\n<p>Del 16 al 18 de marzo en Nave\u00a0 Bostik, Barcelona, Espa\u00f1a<\/p>\n","protected":false},"excerpt":{"rendered":"<p>Un grupo de siete mujeres m\u00fasicas, docentes e investigadoras amantes de las m\u00fasicas raizales, en especial de las m\u00fasicas del Pacifico norte de Colombia. Un repertorio compuesto por abosaos, porros, pasillos que invitan a celebrar y a conectar con la diversidad cultural colombiana. &nbsp; Una propuesta musical motivada en la reivindicaci\u00f3n del papel de la [&hellip;]<\/p>\n","protected":false},"author":1,"featured_media":15054,"comment_status":"closed","ping_status":"closed","sticky":false,"template":"","format":"standard","meta":{"footnotes":""},"categories":[53],"tags":[],"class_list":["post-15053","post","type-post","status-publish","format-standard","has-post-thumbnail","hentry","category-noticias-generales"],"lang":"es","translations":{"es":15053,"pt":15056},"pll_sync_post":[],"post_mailing_queue_ids":[],"_links":{"self":[{"href":"http:\/\/staging.ibermusicas.org\/index.php\/wp-json\/wp\/v2\/posts\/15053","targetHints":{"allow":["GET"]}}],"collection":[{"href":"http:\/\/staging.ibermusicas.org\/index.php\/wp-json\/wp\/v2\/posts"}],"about":[{"href":"http:\/\/staging.ibermusicas.org\/index.php\/wp-json\/wp\/v2\/types\/post"}],"author":[{"embeddable":true,"href":"http:\/\/staging.ibermusicas.org\/index.php\/wp-json\/wp\/v2\/users\/1"}],"replies":[{"embeddable":true,"href":"http:\/\/staging.ibermusicas.org\/index.php\/wp-json\/wp\/v2\/comments?post=15053"}],"version-history":[{"count":1,"href":"http:\/\/staging.ibermusicas.org\/index.php\/wp-json\/wp\/v2\/posts\/15053\/revisions"}],"predecessor-version":[{"id":15055,"href":"http:\/\/staging.ibermusicas.org\/index.php\/wp-json\/wp\/v2\/posts\/15053\/revisions\/15055"}],"wp:featuredmedia":[{"embeddable":true,"href":"http:\/\/staging.ibermusicas.org\/index.php\/wp-json\/wp\/v2\/media\/15054"}],"wp:attachment":[{"href":"http:\/\/staging.ibermusicas.org\/index.php\/wp-json\/wp\/v2\/media?parent=15053"}],"wp:term":[{"taxonomy":"category","embeddable":true,"href":"http:\/\/staging.ibermusicas.org\/index.php\/wp-json\/wp\/v2\/categories?post=15053"},{"taxonomy":"post_tag","embeddable":true,"href":"http:\/\/staging.ibermusicas.org\/index.php\/wp-json\/wp\/v2\/tags?post=15053"}],"curies":[{"name":"wp","href":"https:\/\/api.w.org\/{rel}","templated":true}]}}