{"id":15067,"date":"2023-03-14T17:09:00","date_gmt":"2023-03-14T17:09:00","guid":{"rendered":"http:\/\/staging.ibermusicas.org\/?p=15067"},"modified":"2023-04-03T11:20:09","modified_gmt":"2023-04-03T11:20:09","slug":"a-dupla-colombiana-las-anez-se-apresentara-no-vive-latino-e-em-outras-salas-do-mexico","status":"publish","type":"post","link":"http:\/\/staging.ibermusicas.org\/index.php\/a-dupla-colombiana-las-anez-se-apresentara-no-vive-latino-e-em-outras-salas-do-mexico\/","title":{"rendered":"A dupla colombiana Las \u00c1\u00f1ez se apresentar\u00e1 no Vive Latino e em outras salas do M\u00e9xico"},"content":{"rendered":"<p>Las \u00c1\u00f1ez, g\u00eameas colombianas que cativaram o p\u00fablico em dez pa\u00edses da Am\u00e9rica e da Europa por sua forma de misturar folclore e can\u00e7\u00f5es de vanguarda, levar\u00e3o seus pedal loops para M\u00e9xico para cantar no festival Vive Latino. As irm\u00e3s tocar\u00e3o m\u00fasicas de seus quatro \u00e1lbuns, n\u00e3o s\u00f3 na capital, mas tamb\u00e9m em Tijuana abrindo o show de Julieta Venegas no Cine Bujaz\u00e1n, assim como no Bloodlust, Valle de Guadalupe. Adicionalmente, Las \u00c1\u00f1ez foi uma das nove propostas selecionadas para gravar uma sess\u00e3o KEXP no emblem\u00e1tico est\u00fadio El Desierto.<\/p>\n<p>&nbsp;<\/p>\n<p>O Vive Latino Festival \u00e9 um festival de v\u00e1rios g\u00eaneros musicais alternativos que acontece anualmente desde 1998 no Foro Sol da Cidade do M\u00e9xico, organizado pela Ocesa, empresa dedicada ao entretenimento. Ao longo de sua hist\u00f3ria v\u00e1rios \u00edcones musicais foram apresentados. Ao longo de suas edi\u00e7\u00f5es, foram apresentados tanto grupos consolidados no gosto de massa quanto bandas emergentes com menor difus\u00e3o comercial.<\/p>\n<p>&nbsp;<\/p>\n<p>S\u00f3tano Stallworth \u00e9 um bunker de m\u00fasica em Aguascalientes. Funciona como um f\u00f3rum musical em formato intimista, recebendo artistas locais e internacionais com recitais de jazz, blues, m\u00fasica de c\u00e2mara, conjuntos de cordas e ac\u00fasticos, admitindo tamb\u00e9m apresenta\u00e7\u00f5es e tert\u00falias liter\u00e1rias, jantares de comitivas, brindes e degusta\u00e7\u00f5es de produtos produzidos no estado e a regi\u00e3o. Recebeu o nome de S\u00f3tano Stallworth, como forma de homenagem ao ic\u00f3nico jazzista hidroc\u00e1lido Ra\u00fal Stallworth.<\/p>\n<p>&nbsp;<\/p>\n<p>O show no Cinema Bujaz\u00e1n ser\u00e1 a segunda vez que a dupla Las \u00c1\u00f1ez abrir\u00e1 um show da cantora mexicana Julieta Venegas. O gosto de Venegas por Las \u00c1\u00f1ez vem desde que conheceu sua m\u00fasica por ter escrito o pr\u00f3logo do livro Cantoras Todas, que inclui os colombianos. Alguns anos depois, Julieta os convidou para ter o privil\u00e9gio de abrir seu show no teatro Jorge Eliecer Gait\u00e1n em Bogot\u00e1 em 2022. O Cine Bujaz\u00e1n \u00e9 um palco ao ar livre para 2.400 pessoas, na cidade de Tijuana, no M\u00e9xico. Conseguiu posicionar-se como um dos locais mais conhecidos dos anos cinquenta, com uma estrutura desenhada em estilo Art D\u00e9co.<\/p>\n<p>&nbsp;<\/p>\n<p>Com uma estrutura arquitet\u00f4nica amorfa, o Bloodlust Wine Bar est\u00e1 localizado em Ejido El Porvenir, no cora\u00e7\u00e3o do Valle de Guadalupe, Baja California, M\u00e9xico. Um cen\u00e1rio com estruturas de ferro cimento no meio da paisagem natural, numa regi\u00e3o marcada pelas vinhas junto ao mar. Al\u00e9m de contar com uma fachada arquitet\u00f4nica inimit\u00e1vel concebida pelo ilustrador surrealista Jaime Zuverza, o espa\u00e7o tamb\u00e9m oferece uma experi\u00eancia sonora e visual a todos que visitam o local: Um ponto de encontro para os amantes da gastronomia, do vinho e da boa m\u00fasica. .<\/p>\n<p>&nbsp;<\/p>\n<p>19 de mar\u00e7o, Vive Latino, Intolerant Tent, Foro Sol, Cidade do M\u00e9xico<\/p>\n<p>23 de mar\u00e7o, 22h Stallworth Basement, Aguascalientes, M\u00e9xico<\/p>\n<p>25 de mar\u00e7o, Concerto de abertura de Julieta Venegas no Cine Bujaz\u00e1n, Tijuana, M\u00e9xico<\/p>\n<p>26 de mar\u00e7o, Bloodlust Wine Beer, Valle De Guadalupe, M\u00e9xico<\/p>\n","protected":false},"excerpt":{"rendered":"<p>Las \u00c1\u00f1ez, g\u00eameas colombianas que cativaram o p\u00fablico em dez pa\u00edses da Am\u00e9rica e da Europa por sua forma de misturar folclore e can\u00e7\u00f5es de vanguarda, levar\u00e3o seus pedal loops para M\u00e9xico para cantar no festival Vive Latino. As irm\u00e3s tocar\u00e3o m\u00fasicas de seus quatro \u00e1lbuns, n\u00e3o s\u00f3 na capital, mas tamb\u00e9m em Tijuana abrindo [&hellip;]<\/p>\n","protected":false},"author":1,"featured_media":15065,"comment_status":"closed","ping_status":"closed","sticky":false,"template":"","format":"standard","meta":{"footnotes":""},"categories":[218],"tags":[],"class_list":["post-15067","post","type-post","status-publish","format-standard","has-post-thumbnail","hentry","category-noticias-generales-pt"],"lang":"pt","translations":{"pt":15067,"es":15064},"pll_sync_post":[],"post_mailing_queue_ids":[],"_links":{"self":[{"href":"http:\/\/staging.ibermusicas.org\/index.php\/wp-json\/wp\/v2\/posts\/15067","targetHints":{"allow":["GET"]}}],"collection":[{"href":"http:\/\/staging.ibermusicas.org\/index.php\/wp-json\/wp\/v2\/posts"}],"about":[{"href":"http:\/\/staging.ibermusicas.org\/index.php\/wp-json\/wp\/v2\/types\/post"}],"author":[{"embeddable":true,"href":"http:\/\/staging.ibermusicas.org\/index.php\/wp-json\/wp\/v2\/users\/1"}],"replies":[{"embeddable":true,"href":"http:\/\/staging.ibermusicas.org\/index.php\/wp-json\/wp\/v2\/comments?post=15067"}],"version-history":[{"count":1,"href":"http:\/\/staging.ibermusicas.org\/index.php\/wp-json\/wp\/v2\/posts\/15067\/revisions"}],"predecessor-version":[{"id":15068,"href":"http:\/\/staging.ibermusicas.org\/index.php\/wp-json\/wp\/v2\/posts\/15067\/revisions\/15068"}],"wp:featuredmedia":[{"embeddable":true,"href":"http:\/\/staging.ibermusicas.org\/index.php\/wp-json\/wp\/v2\/media\/15065"}],"wp:attachment":[{"href":"http:\/\/staging.ibermusicas.org\/index.php\/wp-json\/wp\/v2\/media?parent=15067"}],"wp:term":[{"taxonomy":"category","embeddable":true,"href":"http:\/\/staging.ibermusicas.org\/index.php\/wp-json\/wp\/v2\/categories?post=15067"},{"taxonomy":"post_tag","embeddable":true,"href":"http:\/\/staging.ibermusicas.org\/index.php\/wp-json\/wp\/v2\/tags?post=15067"}],"curies":[{"name":"wp","href":"https:\/\/api.w.org\/{rel}","templated":true}]}}