{"id":15069,"date":"2023-03-14T17:11:50","date_gmt":"2023-03-14T17:11:50","guid":{"rendered":"http:\/\/staging.ibermusicas.org\/?p=15069"},"modified":"2023-03-14T17:11:50","modified_gmt":"2023-03-14T17:11:50","slug":"faros-es-el-encuentro-en-portugal-del-artista-portugues-miguel-dias-con-la-artista-argentina-belen-pasqualini","status":"publish","type":"post","link":"http:\/\/staging.ibermusicas.org\/index.php\/faros-es-el-encuentro-en-portugal-del-artista-portugues-miguel-dias-con-la-artista-argentina-belen-pasqualini\/","title":{"rendered":"\u201cFaros\u201d es el encuentro en Portugal del artista portugu\u00e9s Miguel Dias con la artista argentina Bel\u00e9n Pasqualini"},"content":{"rendered":"<p>FAROS: de la m\u00fasica a la poes\u00eda, del portugu\u00e9s al espa\u00f1ol y de Lisboa a Buenos Aires, uniendo puertos para crear un \u00e1lbum h\u00edbrido experimental.<\/p>\n<p>&nbsp;<\/p>\n<p>FAROS es un proyecto que resulta de la fusi\u00f3n y encuentro de la actriz, cantante y compositora argentina Bel\u00e9n Pasqualini y el m\u00fasico y creador portugu\u00e9s Miguel Dias. Virtualmente, ambos se conectaron para crear un \u00e1lbum h\u00edbrido y experimental que contiene 9 canciones, en torno al tema de leyendas y personajes m\u00edticos, tanto argentinos como portugueses.<\/p>\n<p>&nbsp;<\/p>\n<p>En vivo, el proyecto se escuchar\u00e1 por primera vez, el s\u00e1bado 18 de marzo en @A Mandr\u00e1gora, espacio art\u00edstico en \u00c9vora, Portugal, aprovechando la visita de Bel\u00e9n Pasqualini al pa\u00eds del m\u00fasico Miguel Dias.<\/p>\n<p>&nbsp;<\/p>\n<p>S\u00e1bado 18 de marzo en A Mandr\u00e1gora, Victor do Monte Pereira 21, \u00c9vora, Portugal<\/p>\n","protected":false},"excerpt":{"rendered":"<p>FAROS: de la m\u00fasica a la poes\u00eda, del portugu\u00e9s al espa\u00f1ol y de Lisboa a Buenos Aires, uniendo puertos para crear un \u00e1lbum h\u00edbrido experimental. &nbsp; FAROS es un proyecto que resulta de la fusi\u00f3n y encuentro de la actriz, cantante y compositora argentina Bel\u00e9n Pasqualini y el m\u00fasico y creador portugu\u00e9s Miguel Dias. Virtualmente, [&hellip;]<\/p>\n","protected":false},"author":1,"featured_media":15070,"comment_status":"closed","ping_status":"closed","sticky":false,"template":"","format":"standard","meta":{"footnotes":""},"categories":[53],"tags":[],"class_list":["post-15069","post","type-post","status-publish","format-standard","has-post-thumbnail","hentry","category-noticias-generales"],"lang":"es","translations":{"es":15069,"pt":15072},"pll_sync_post":[],"post_mailing_queue_ids":[],"_links":{"self":[{"href":"http:\/\/staging.ibermusicas.org\/index.php\/wp-json\/wp\/v2\/posts\/15069","targetHints":{"allow":["GET"]}}],"collection":[{"href":"http:\/\/staging.ibermusicas.org\/index.php\/wp-json\/wp\/v2\/posts"}],"about":[{"href":"http:\/\/staging.ibermusicas.org\/index.php\/wp-json\/wp\/v2\/types\/post"}],"author":[{"embeddable":true,"href":"http:\/\/staging.ibermusicas.org\/index.php\/wp-json\/wp\/v2\/users\/1"}],"replies":[{"embeddable":true,"href":"http:\/\/staging.ibermusicas.org\/index.php\/wp-json\/wp\/v2\/comments?post=15069"}],"version-history":[{"count":1,"href":"http:\/\/staging.ibermusicas.org\/index.php\/wp-json\/wp\/v2\/posts\/15069\/revisions"}],"predecessor-version":[{"id":15071,"href":"http:\/\/staging.ibermusicas.org\/index.php\/wp-json\/wp\/v2\/posts\/15069\/revisions\/15071"}],"wp:featuredmedia":[{"embeddable":true,"href":"http:\/\/staging.ibermusicas.org\/index.php\/wp-json\/wp\/v2\/media\/15070"}],"wp:attachment":[{"href":"http:\/\/staging.ibermusicas.org\/index.php\/wp-json\/wp\/v2\/media?parent=15069"}],"wp:term":[{"taxonomy":"category","embeddable":true,"href":"http:\/\/staging.ibermusicas.org\/index.php\/wp-json\/wp\/v2\/categories?post=15069"},{"taxonomy":"post_tag","embeddable":true,"href":"http:\/\/staging.ibermusicas.org\/index.php\/wp-json\/wp\/v2\/tags?post=15069"}],"curies":[{"name":"wp","href":"https:\/\/api.w.org\/{rel}","templated":true}]}}