{"id":15072,"date":"2023-03-14T17:13:24","date_gmt":"2023-03-14T17:13:24","guid":{"rendered":"http:\/\/staging.ibermusicas.org\/?p=15072"},"modified":"2023-03-14T17:13:24","modified_gmt":"2023-03-14T17:13:24","slug":"faros-e-o-encontro-em-portugal-do-artista-portugues-miguel-dias-com-a-artista-argentina-belen-pasqualini","status":"publish","type":"post","link":"http:\/\/staging.ibermusicas.org\/index.php\/faros-e-o-encontro-em-portugal-do-artista-portugues-miguel-dias-com-a-artista-argentina-belen-pasqualini\/","title":{"rendered":"\u201cFaros\u201d \u00e9 o encontro em Portugal do artista portugu\u00eas Miguel Dias com a artista argentina Bel\u00e9n Pasqualini"},"content":{"rendered":"<p>FAROS: da m\u00fasica \u00e0 poesia, do portugu\u00eas ao espanhol e de<\/p>\n<p>Lisboa a Buenos Aires, juntando portos para criar um<\/p>\n<p>\u00e1lbum h\u00edbrido experimental.<\/p>\n<p>&nbsp;<\/p>\n<p>FAROS \u00e9 um projeto que resulta da fus\u00e3o e encontro da atriz, cantora e compositora argentina Bel\u00e9n Pasqualini e do m\u00fasico e criador portugu\u00eas Miguel Dias. De forma virtual, ambos se conectaram para criar um \u00e1lbum h\u00edbrido e experimental que cont\u00e9m 9 m\u00fasicas, em torno da tem\u00e1tica de lendas e personagens m\u00edticos, tanto argentinos quanto portugueses.<\/p>\n<p>&nbsp;<\/p>\n<p>Ao vivo, o projeto ser\u00e1 ouvido pela primeira vez, no s\u00e1bado dia 18 de mar\u00e7o no @A Mandr\u00e1gora, espa\u00e7o art\u00edstico em \u00c9vora, Portugal, aproveitando a visita de Bel\u00e9n Pasqualini ao pa\u00eds do m\u00fasico Miguel Dias.<\/p>\n<p>&nbsp;<\/p>\n<p>&nbsp;<\/p>\n<p>S\u00e1bado 18 de mar\u00e7o em A Mandr\u00e1gora, Victor do Monte Pereira 21, \u00c9vora, Portugal<\/p>\n","protected":false},"excerpt":{"rendered":"<p>FAROS: da m\u00fasica \u00e0 poesia, do portugu\u00eas ao espanhol e de Lisboa a Buenos Aires, juntando portos para criar um \u00e1lbum h\u00edbrido experimental. &nbsp; FAROS \u00e9 um projeto que resulta da fus\u00e3o e encontro da atriz, cantora e compositora argentina Bel\u00e9n Pasqualini e do m\u00fasico e criador portugu\u00eas Miguel Dias. De forma virtual, ambos se [&hellip;]<\/p>\n","protected":false},"author":1,"featured_media":15070,"comment_status":"closed","ping_status":"closed","sticky":false,"template":"","format":"standard","meta":{"footnotes":""},"categories":[218],"tags":[],"class_list":["post-15072","post","type-post","status-publish","format-standard","has-post-thumbnail","hentry","category-noticias-generales-pt"],"lang":"pt","translations":{"pt":15072,"es":15069},"pll_sync_post":[],"post_mailing_queue_ids":[],"_links":{"self":[{"href":"http:\/\/staging.ibermusicas.org\/index.php\/wp-json\/wp\/v2\/posts\/15072","targetHints":{"allow":["GET"]}}],"collection":[{"href":"http:\/\/staging.ibermusicas.org\/index.php\/wp-json\/wp\/v2\/posts"}],"about":[{"href":"http:\/\/staging.ibermusicas.org\/index.php\/wp-json\/wp\/v2\/types\/post"}],"author":[{"embeddable":true,"href":"http:\/\/staging.ibermusicas.org\/index.php\/wp-json\/wp\/v2\/users\/1"}],"replies":[{"embeddable":true,"href":"http:\/\/staging.ibermusicas.org\/index.php\/wp-json\/wp\/v2\/comments?post=15072"}],"version-history":[{"count":1,"href":"http:\/\/staging.ibermusicas.org\/index.php\/wp-json\/wp\/v2\/posts\/15072\/revisions"}],"predecessor-version":[{"id":15073,"href":"http:\/\/staging.ibermusicas.org\/index.php\/wp-json\/wp\/v2\/posts\/15072\/revisions\/15073"}],"wp:featuredmedia":[{"embeddable":true,"href":"http:\/\/staging.ibermusicas.org\/index.php\/wp-json\/wp\/v2\/media\/15070"}],"wp:attachment":[{"href":"http:\/\/staging.ibermusicas.org\/index.php\/wp-json\/wp\/v2\/media?parent=15072"}],"wp:term":[{"taxonomy":"category","embeddable":true,"href":"http:\/\/staging.ibermusicas.org\/index.php\/wp-json\/wp\/v2\/categories?post=15072"},{"taxonomy":"post_tag","embeddable":true,"href":"http:\/\/staging.ibermusicas.org\/index.php\/wp-json\/wp\/v2\/tags?post=15072"}],"curies":[{"name":"wp","href":"https:\/\/api.w.org\/{rel}","templated":true}]}}