{"id":15074,"date":"2023-03-14T17:24:39","date_gmt":"2023-03-14T17:24:39","guid":{"rendered":"http:\/\/staging.ibermusicas.org\/?p=15074"},"modified":"2023-04-03T11:17:47","modified_gmt":"2023-04-03T11:17:47","slug":"la-orquesta-de-instrumentos-autoctonos-y-nuevas-tecnologias-de-la-untref-argentina-participara-del-2-congreso-internacional-de-etno-y-arqueomusicologia-en-mexico","status":"publish","type":"post","link":"http:\/\/staging.ibermusicas.org\/index.php\/la-orquesta-de-instrumentos-autoctonos-y-nuevas-tecnologias-de-la-untref-argentina-participara-del-2-congreso-internacional-de-etno-y-arqueomusicologia-en-mexico\/","title":{"rendered":"La Orquesta de Instrumentos Aut\u00f3ctonos y Nuevas Tecnolog\u00edas de la UNTREF (Argentina) participar\u00e1 del 2\u00b0 Congreso Internacional de Etno y Arqueomusicolog\u00eda en M\u00e9xico"},"content":{"rendered":"<p>El 2\u00b0 Congreso Internacional de Etno y Arqueomusicolog\u00eda contar\u00e1 con la presencia de los solistas e investigadores de la Orquesta de Instrumentos Aut\u00f3ctonos y Nuevas Tecnolog\u00edas que realizar\u00e1n la Apertura y el Cierre del Congreso as\u00ed como talleres y seminarios. La Orquesta presentar\u00e1 su Modelo art\u00edstico-acad\u00e9mico interdisciplinario as\u00ed como su trabajo de recuperaci\u00f3n de instrumentos y m\u00e1scaras nativas, present\u00e1ndose en el Auditorio Torres Bodet del Museo Nacional de Antropolog\u00eda de M\u00e9xico.\u00a0 Asimismo, realizar\u00e1n investigaciones en los Dep\u00f3sitos y Salas de Exposici\u00f3n de la Colecci\u00f3n de la cultura Maya del Museo, as\u00ed como conciertos enmarcados en las actividades musicales del Museo Nacional de Antropolog\u00eda.<\/p>\n<p>&nbsp;<\/p>\n<p>La Orquesta de Instrumentos Aut\u00f3ctonos y Nuevas Tecnolog\u00edas con sede en la Universidad Nacional de Tres de Febrero fue fundada en el a\u00f1o 2004 por el compositor, director, investigador y educador argentino Alejandro Iglesias Rossi y la educadora, eutonista, music\u00f3loga, icon\u00f3grafa y directora de Artes Esc\u00e9nicas y Visuales Susana Ferreres. Desde el momento de su creaci\u00f3n la Orquesta ha realizado un trabajo interdisciplinario que abarca las \u00e1reas de investigaci\u00f3n en el \u00e1rea de composici\u00f3n, interpretaci\u00f3n, luther\u00eda y creaci\u00f3n de m\u00e1scaras, buscando as\u00ed reunir las diferentes \u00e1reas del conocimiento relacionadas con la m\u00fasica.<\/p>\n<p>&nbsp;<\/p>\n<p>La Orquesta de Instrumentos Aut\u00f3ctonos y Nuevas Tecnolog\u00edas de la Universidad Nacional de Tres de Febrero parte de la concepci\u00f3n de otorgar a los instrumentos nativos de Am\u00e9rica la misma \u00abdignidad ontol\u00f3gica\u00bb que a los instrumentos heredados de la tradici\u00f3n europea y los desarrollados por la tecnolog\u00eda digital. Asimismo, busca salvar la brecha, heredada de una cierta concepci\u00f3n tard\u00eda en la historia de la m\u00fasica, entre el compositor y el int\u00e9rprete. Por ello, todos los integrantes son a la vez creadores y ejecutantes de sus propias obras, constructores de muchos de los instrumentos que interpretan y de las m\u00e1scaras que se utilizan en los conciertos.<\/p>\n<p>&nbsp;<\/p>\n<p>La Orquesta est\u00e1 integrada por profesores y alumnos de la Maestr\u00eda en Creaci\u00f3n Musical, Nuevas Tecnolog\u00edas y Artes Tradicionales, de la Licenciatura en Artes Electr\u00f3nicas y Licenciatura en M\u00fasica as\u00ed como alumnos de Ingenier\u00eda en Sonido.<\/p>\n<p>&nbsp;<\/p>\n<p>Del 29 de marzo al 2 de abril, Museo Nacional de Antropolog\u00eda, Ciudad de M\u00e9xico<\/p>\n","protected":false},"excerpt":{"rendered":"<p>El 2\u00b0 Congreso Internacional de Etno y Arqueomusicolog\u00eda contar\u00e1 con la presencia de los solistas e investigadores de la Orquesta de Instrumentos Aut\u00f3ctonos y Nuevas Tecnolog\u00edas que realizar\u00e1n la Apertura y el Cierre del Congreso as\u00ed como talleres y seminarios. La Orquesta presentar\u00e1 su Modelo art\u00edstico-acad\u00e9mico interdisciplinario as\u00ed como su trabajo de recuperaci\u00f3n de instrumentos [&hellip;]<\/p>\n","protected":false},"author":1,"featured_media":15075,"comment_status":"closed","ping_status":"closed","sticky":false,"template":"","format":"standard","meta":{"footnotes":""},"categories":[53],"tags":[],"class_list":["post-15074","post","type-post","status-publish","format-standard","has-post-thumbnail","hentry","category-noticias-generales"],"lang":"es","translations":{"es":15074,"pt":15077},"pll_sync_post":[],"post_mailing_queue_ids":[],"_links":{"self":[{"href":"http:\/\/staging.ibermusicas.org\/index.php\/wp-json\/wp\/v2\/posts\/15074","targetHints":{"allow":["GET"]}}],"collection":[{"href":"http:\/\/staging.ibermusicas.org\/index.php\/wp-json\/wp\/v2\/posts"}],"about":[{"href":"http:\/\/staging.ibermusicas.org\/index.php\/wp-json\/wp\/v2\/types\/post"}],"author":[{"embeddable":true,"href":"http:\/\/staging.ibermusicas.org\/index.php\/wp-json\/wp\/v2\/users\/1"}],"replies":[{"embeddable":true,"href":"http:\/\/staging.ibermusicas.org\/index.php\/wp-json\/wp\/v2\/comments?post=15074"}],"version-history":[{"count":1,"href":"http:\/\/staging.ibermusicas.org\/index.php\/wp-json\/wp\/v2\/posts\/15074\/revisions"}],"predecessor-version":[{"id":15076,"href":"http:\/\/staging.ibermusicas.org\/index.php\/wp-json\/wp\/v2\/posts\/15074\/revisions\/15076"}],"wp:featuredmedia":[{"embeddable":true,"href":"http:\/\/staging.ibermusicas.org\/index.php\/wp-json\/wp\/v2\/media\/15075"}],"wp:attachment":[{"href":"http:\/\/staging.ibermusicas.org\/index.php\/wp-json\/wp\/v2\/media?parent=15074"}],"wp:term":[{"taxonomy":"category","embeddable":true,"href":"http:\/\/staging.ibermusicas.org\/index.php\/wp-json\/wp\/v2\/categories?post=15074"},{"taxonomy":"post_tag","embeddable":true,"href":"http:\/\/staging.ibermusicas.org\/index.php\/wp-json\/wp\/v2\/tags?post=15074"}],"curies":[{"name":"wp","href":"https:\/\/api.w.org\/{rel}","templated":true}]}}