{"id":15079,"date":"2023-03-14T17:28:20","date_gmt":"2023-03-14T17:28:20","guid":{"rendered":"http:\/\/staging.ibermusicas.org\/?p=15079"},"modified":"2023-03-14T17:28:20","modified_gmt":"2023-03-14T17:28:20","slug":"karyna-gomes-artista-de-guinea-bissau-residente-en-portugal-llevara-su-musica-a-chile-colombia-y-brasil","status":"publish","type":"post","link":"http:\/\/staging.ibermusicas.org\/index.php\/karyna-gomes-artista-de-guinea-bissau-residente-en-portugal-llevara-su-musica-a-chile-colombia-y-brasil\/","title":{"rendered":"Karyna Gomes, artista de Guinea-Bissau residente en Portugal, llevar\u00e1 su m\u00fasica a Chile, Colombia y Brasil"},"content":{"rendered":"<p>Cantante, compositora y ex alumna de Guinea-Bissau en Brasil, donde comenz\u00f3 a cantar en un coro de gospel. De padre guineano-bissau y madre caboverdiana, sus ra\u00edces son criollas y re\u00fane diversos ritmos y culturas de sus tierras y del mundo que se funden en su musicalidad.<\/p>\n<p>&nbsp;<\/p>\n<p>Percusionista, tambi\u00e9n desarroll\u00f3 aptitudes para tocar la Tina, un instrumento t\u00edpico creado por mujeres mestizas en Guinea-Bissau hace unos 200 a\u00f1os. Canta en criollo de Guinea-Bissau y en otros idiomas. Con su trabajo defiende la causa de la mujer y otras causas sociales.<\/p>\n<p>&nbsp;<\/p>\n<p><em>\u201cSoy una cantante urbana, pero tambi\u00e9n tengo una formaci\u00f3n tradicional, como casi todos los m\u00fasicos africanos. Mi m\u00fasica es\u00a0 eso mismo, mi m\u00fasica de Guinea\u201d<\/em> Karyna Gomes en DN, 24 de julio de 2016<\/p>\n<p><em>\u00a0<\/em><\/p>\n<p><em>Nuestra patria es nuestra lengua o nuestras lenguas. En mi caso, tengo varias patrias porque tambi\u00e9n comenc\u00e9 a cantar en lengua portuguesa, as\u00ed como en criollo. Las etiquetas nos limitan, punto. Somos una legi\u00f3n de artistas POP de Guinea-Bissau y poco a poco vamos ganando espacio en el universo lus\u00f3fono y mundial.<\/em> Karyna Gomes &#8211; Torres Vedras, julio 2021<\/p>\n<p>&nbsp;<\/p>\n<p>31 de mar\u00e7o, SESC, S\u00e3o Paulo<\/p>\n<p>1 de abril, Universidad de Los Andes, Col\u00f4mbia<\/p>\n<p>2 de abril, Festival Womad, Chile<\/p>\n<p>https:\/\/www.youtube.com\/@akassaproducoes3636<\/p>\n","protected":false},"excerpt":{"rendered":"<p>Cantante, compositora y ex alumna de Guinea-Bissau en Brasil, donde comenz\u00f3 a cantar en un coro de gospel. De padre guineano-bissau y madre caboverdiana, sus ra\u00edces son criollas y re\u00fane diversos ritmos y culturas de sus tierras y del mundo que se funden en su musicalidad. &nbsp; Percusionista, tambi\u00e9n desarroll\u00f3 aptitudes para tocar la Tina, [&hellip;]<\/p>\n","protected":false},"author":1,"featured_media":15080,"comment_status":"closed","ping_status":"closed","sticky":false,"template":"","format":"standard","meta":{"footnotes":""},"categories":[53],"tags":[],"class_list":["post-15079","post","type-post","status-publish","format-standard","has-post-thumbnail","hentry","category-noticias-generales"],"lang":"es","translations":{"es":15079,"pt":15082},"pll_sync_post":[],"post_mailing_queue_ids":[],"_links":{"self":[{"href":"http:\/\/staging.ibermusicas.org\/index.php\/wp-json\/wp\/v2\/posts\/15079","targetHints":{"allow":["GET"]}}],"collection":[{"href":"http:\/\/staging.ibermusicas.org\/index.php\/wp-json\/wp\/v2\/posts"}],"about":[{"href":"http:\/\/staging.ibermusicas.org\/index.php\/wp-json\/wp\/v2\/types\/post"}],"author":[{"embeddable":true,"href":"http:\/\/staging.ibermusicas.org\/index.php\/wp-json\/wp\/v2\/users\/1"}],"replies":[{"embeddable":true,"href":"http:\/\/staging.ibermusicas.org\/index.php\/wp-json\/wp\/v2\/comments?post=15079"}],"version-history":[{"count":1,"href":"http:\/\/staging.ibermusicas.org\/index.php\/wp-json\/wp\/v2\/posts\/15079\/revisions"}],"predecessor-version":[{"id":15081,"href":"http:\/\/staging.ibermusicas.org\/index.php\/wp-json\/wp\/v2\/posts\/15079\/revisions\/15081"}],"wp:featuredmedia":[{"embeddable":true,"href":"http:\/\/staging.ibermusicas.org\/index.php\/wp-json\/wp\/v2\/media\/15080"}],"wp:attachment":[{"href":"http:\/\/staging.ibermusicas.org\/index.php\/wp-json\/wp\/v2\/media?parent=15079"}],"wp:term":[{"taxonomy":"category","embeddable":true,"href":"http:\/\/staging.ibermusicas.org\/index.php\/wp-json\/wp\/v2\/categories?post=15079"},{"taxonomy":"post_tag","embeddable":true,"href":"http:\/\/staging.ibermusicas.org\/index.php\/wp-json\/wp\/v2\/tags?post=15079"}],"curies":[{"name":"wp","href":"https:\/\/api.w.org\/{rel}","templated":true}]}}