{"id":15082,"date":"2023-03-14T17:31:10","date_gmt":"2023-03-14T17:31:10","guid":{"rendered":"http:\/\/staging.ibermusicas.org\/?p=15082"},"modified":"2023-03-14T17:31:10","modified_gmt":"2023-03-14T17:31:10","slug":"karyna-gomes-artista-da-guine-bissau-residente-em-portugal-vai-levar-sua-musica-para-chile-colombia-e-brasil","status":"publish","type":"post","link":"http:\/\/staging.ibermusicas.org\/index.php\/karyna-gomes-artista-da-guine-bissau-residente-em-portugal-vai-levar-sua-musica-para-chile-colombia-e-brasil\/","title":{"rendered":"Karyna Gomes, artista da Guin\u00e9-Bissau residente em portugal, vai levar sua m\u00fasica para Chile, Col\u00f4mbia e Brasil"},"content":{"rendered":"<p>Cantora, compositora e ex-estudante da Guin\u00e9-Bissau no Brasil, pa\u00eds onde come\u00e7ou a cantar num coro gospel. Com o pai da Guin\u00e9-Bissau e m\u00e3e de Cabo-Verde, sua raiz \u00e9 crioula e junta v\u00e1rios ritmos e culturas das suas terras e do mundo que se misturam na sua musicalidade.<\/p>\n<p>&nbsp;<\/p>\n<p>Percussionista, tamb\u00e9m desenvolveu uma aptid\u00e3o para tocar a Tina, um t\u00edpico instrumento criado por mulheres mesti\u00e7as da Guin\u00e9-Bissau h\u00e1 cerca de 200 anos. Canta em crioulo da Guin\u00e9-Bissau e noutras l\u00ednguas. Com o seu trabalho defende a causa da mulher e outras causas sociais.<\/p>\n<p>&nbsp;<\/p>\n<p><em>\u201cSou uma cantora Urbana, mas que tamb\u00e9m tem uma raiz tradicional, como quase todos os m\u00fasicos africanos. A minha m\u00fasica \u00e9 isso mesmo, a minha m\u00fasica da Guin\u00e9\u201d <\/em>Karyna Gomes in DN, 24 Julho 2016<\/p>\n<p>&nbsp;<\/p>\n<p><em>Nossa p\u00e1tria \u00e9 nossa l\u00edngua ou nossas l\u00ednguas. No meu caso tenho v\u00e1rias p\u00e1trias porque tamb\u00e9m estreei a cantar na l\u00edngua lusa, t\u00e3o quanto o crioulo. Os r\u00f3tulos nos limitam e ponto. Somos uma legi\u00e3o de artistas POP da Guin\u00e9-Bissau e vamos gradualmente ganhando espa\u00e7o no universo lus\u00f3fono e mundial.<\/em> Karyna Gomes &#8211; Torres Vedras, Julho 2021<\/p>\n<p>&nbsp;<\/p>\n<p>&nbsp;<\/p>\n<p>31 de mar\u00e7o, SESC, S\u00e3o Paulo<\/p>\n<p>1 de abril, Universidad de Los Andes, Col\u00f4mbia<\/p>\n<p>2 de abril, Festival Womad, Chile<\/p>\n<p>https:\/\/www.youtube.com\/@akassaproducoes3636<\/p>\n","protected":false},"excerpt":{"rendered":"<p>Cantora, compositora e ex-estudante da Guin\u00e9-Bissau no Brasil, pa\u00eds onde come\u00e7ou a cantar num coro gospel. Com o pai da Guin\u00e9-Bissau e m\u00e3e de Cabo-Verde, sua raiz \u00e9 crioula e junta v\u00e1rios ritmos e culturas das suas terras e do mundo que se misturam na sua musicalidade. &nbsp; Percussionista, tamb\u00e9m desenvolveu uma aptid\u00e3o para tocar [&hellip;]<\/p>\n","protected":false},"author":1,"featured_media":15080,"comment_status":"closed","ping_status":"closed","sticky":false,"template":"","format":"standard","meta":{"footnotes":""},"categories":[218],"tags":[],"class_list":["post-15082","post","type-post","status-publish","format-standard","has-post-thumbnail","hentry","category-noticias-generales-pt"],"lang":"pt","translations":{"pt":15082,"es":15079},"pll_sync_post":[],"post_mailing_queue_ids":[],"_links":{"self":[{"href":"http:\/\/staging.ibermusicas.org\/index.php\/wp-json\/wp\/v2\/posts\/15082","targetHints":{"allow":["GET"]}}],"collection":[{"href":"http:\/\/staging.ibermusicas.org\/index.php\/wp-json\/wp\/v2\/posts"}],"about":[{"href":"http:\/\/staging.ibermusicas.org\/index.php\/wp-json\/wp\/v2\/types\/post"}],"author":[{"embeddable":true,"href":"http:\/\/staging.ibermusicas.org\/index.php\/wp-json\/wp\/v2\/users\/1"}],"replies":[{"embeddable":true,"href":"http:\/\/staging.ibermusicas.org\/index.php\/wp-json\/wp\/v2\/comments?post=15082"}],"version-history":[{"count":1,"href":"http:\/\/staging.ibermusicas.org\/index.php\/wp-json\/wp\/v2\/posts\/15082\/revisions"}],"predecessor-version":[{"id":15083,"href":"http:\/\/staging.ibermusicas.org\/index.php\/wp-json\/wp\/v2\/posts\/15082\/revisions\/15083"}],"wp:featuredmedia":[{"embeddable":true,"href":"http:\/\/staging.ibermusicas.org\/index.php\/wp-json\/wp\/v2\/media\/15080"}],"wp:attachment":[{"href":"http:\/\/staging.ibermusicas.org\/index.php\/wp-json\/wp\/v2\/media?parent=15082"}],"wp:term":[{"taxonomy":"category","embeddable":true,"href":"http:\/\/staging.ibermusicas.org\/index.php\/wp-json\/wp\/v2\/categories?post=15082"},{"taxonomy":"post_tag","embeddable":true,"href":"http:\/\/staging.ibermusicas.org\/index.php\/wp-json\/wp\/v2\/tags?post=15082"}],"curies":[{"name":"wp","href":"https:\/\/api.w.org\/{rel}","templated":true}]}}