{"id":15084,"date":"2023-03-14T17:32:55","date_gmt":"2023-03-14T17:32:55","guid":{"rendered":"http:\/\/staging.ibermusicas.org\/?p=15084"},"modified":"2023-04-03T11:17:41","modified_gmt":"2023-04-03T11:17:41","slug":"el-cantautor-paraguayo-victor-riveros-se-presentara-en-la-edicion-costarricense-del-festival-sonamos-latinoamerica","status":"publish","type":"post","link":"http:\/\/staging.ibermusicas.org\/index.php\/el-cantautor-paraguayo-victor-riveros-se-presentara-en-la-edicion-costarricense-del-festival-sonamos-latinoamerica\/","title":{"rendered":"El cantautor paraguayo V\u00edctor Riveros se presentar\u00e1 en la edici\u00f3n costarricense del Festival Sonamos Latinoam\u00e9rica"},"content":{"rendered":"<p>V\u00edctor Riveros, compositor e int\u00e9rprete paraguayo es uno de los fundadores del movimiento Canci\u00f3n Social Urbana en Paraguay junto a Hugo Ferreira y Aldo Mesa que busca impulsar la m\u00fasica de cantautor en Paraguay. Sus composiciones reflexionan acerca de la vida y la sociedad, combinando aspectos \u00edntimos del ser humano con una recurrente preocupaci\u00f3n por la justicia social en Paraguay. Ha participado activamente en los momentos de crisis pol\u00edtica en Paraguay, aportando sus canciones a la resistencia ciudadana.<\/p>\n<p>&nbsp;<\/p>\n<p>Una de las tem\u00e1ticas recurrentes que V\u00edctor Riveros aborda en sus canciones es la sustentabilidad y la ecolog\u00eda que es planteada de manera transversal en sus composiciones. La propuesta musical de V\u00edctor Riveros incluye un posicionamiento \u00e9tnico ya que el artista compone e interpreta canciones en guaran\u00ed, adem\u00e1s del castellano. En su carrera solista ha grabado y publicado los discos Piel Quemada (1993), Tiempo de Actuar (2001), Identidad Mestiza (2008) y Esencial Apyte (2012).<\/p>\n<p>&nbsp;<\/p>\n<p>El festival \u201cSonamos Latinoam\u00e9rica\u201d, es un espacio generado por m\u00fasicos latinoamericanos que cooperativamente trabajan en proyectos de difusi\u00f3n de m\u00fasica popular latinoamericana de ra\u00edz folcl\u00f3rica, desde sus m\u00faltiples abordajes.<\/p>\n<p>&nbsp;<\/p>\n<p>Sonamos Latinoam\u00e9rica, nacido en la ciudad de Santa Fe, Argentina, en el a\u00f1o 2006, se consolida a\u00f1o a a\u00f1o con la creaci\u00f3n de nuevas sedes que posibilitan el intercambio y la circulaci\u00f3n de m\u00fasicos latinoamericanos y educadores musicales. En la actualidad el festival existe en m\u00e1s de 13 pa\u00edses incluidos en Latinoam\u00e9rica y Europa; este a\u00f1o Costa Rica ser\u00e1 sede centroamericana y de la regi\u00f3n del Caribe.<\/p>\n<p>&nbsp;<\/p>\n<p>&nbsp;<\/p>\n<p>Del 17 al 26 de marzo en San Jos\u00e9, Lim\u00f3n y Guanacaste, Costa Rica<\/p>\n","protected":false},"excerpt":{"rendered":"<p>V\u00edctor Riveros, compositor e int\u00e9rprete paraguayo es uno de los fundadores del movimiento Canci\u00f3n Social Urbana en Paraguay junto a Hugo Ferreira y Aldo Mesa que busca impulsar la m\u00fasica de cantautor en Paraguay. Sus composiciones reflexionan acerca de la vida y la sociedad, combinando aspectos \u00edntimos del ser humano con una recurrente preocupaci\u00f3n por [&hellip;]<\/p>\n","protected":false},"author":1,"featured_media":15085,"comment_status":"closed","ping_status":"closed","sticky":false,"template":"","format":"standard","meta":{"footnotes":""},"categories":[53],"tags":[],"class_list":["post-15084","post","type-post","status-publish","format-standard","has-post-thumbnail","hentry","category-noticias-generales"],"lang":"es","translations":{"es":15084,"pt":15087},"pll_sync_post":[],"post_mailing_queue_ids":[],"_links":{"self":[{"href":"http:\/\/staging.ibermusicas.org\/index.php\/wp-json\/wp\/v2\/posts\/15084","targetHints":{"allow":["GET"]}}],"collection":[{"href":"http:\/\/staging.ibermusicas.org\/index.php\/wp-json\/wp\/v2\/posts"}],"about":[{"href":"http:\/\/staging.ibermusicas.org\/index.php\/wp-json\/wp\/v2\/types\/post"}],"author":[{"embeddable":true,"href":"http:\/\/staging.ibermusicas.org\/index.php\/wp-json\/wp\/v2\/users\/1"}],"replies":[{"embeddable":true,"href":"http:\/\/staging.ibermusicas.org\/index.php\/wp-json\/wp\/v2\/comments?post=15084"}],"version-history":[{"count":1,"href":"http:\/\/staging.ibermusicas.org\/index.php\/wp-json\/wp\/v2\/posts\/15084\/revisions"}],"predecessor-version":[{"id":15086,"href":"http:\/\/staging.ibermusicas.org\/index.php\/wp-json\/wp\/v2\/posts\/15084\/revisions\/15086"}],"wp:featuredmedia":[{"embeddable":true,"href":"http:\/\/staging.ibermusicas.org\/index.php\/wp-json\/wp\/v2\/media\/15085"}],"wp:attachment":[{"href":"http:\/\/staging.ibermusicas.org\/index.php\/wp-json\/wp\/v2\/media?parent=15084"}],"wp:term":[{"taxonomy":"category","embeddable":true,"href":"http:\/\/staging.ibermusicas.org\/index.php\/wp-json\/wp\/v2\/categories?post=15084"},{"taxonomy":"post_tag","embeddable":true,"href":"http:\/\/staging.ibermusicas.org\/index.php\/wp-json\/wp\/v2\/tags?post=15084"}],"curies":[{"name":"wp","href":"https:\/\/api.w.org\/{rel}","templated":true}]}}