{"id":15089,"date":"2023-03-14T17:36:34","date_gmt":"2023-03-14T17:36:34","guid":{"rendered":"http:\/\/staging.ibermusicas.org\/?p=15089"},"modified":"2023-04-03T11:17:35","modified_gmt":"2023-04-03T11:17:35","slug":"con-un-taller-una-clase-magistral-y-una-conferencia-llega-conexiones-percusivas","status":"publish","type":"post","link":"http:\/\/staging.ibermusicas.org\/index.php\/con-un-taller-una-clase-magistral-y-una-conferencia-llega-conexiones-percusivas\/","title":{"rendered":"Con un taller, una clase magistral y una conferencia, llega Conexiones Percusivas"},"content":{"rendered":"<p>El proyecto Conexiones Percusivas celebrar\u00e1 una serie de actividades virtuales centradas en el universo de la percusi\u00f3n. El formato virtual de las actividades permite que personas de diferentes regiones y pa\u00edses accedan a los contenidos, lo que posibilita el intercambio de experiencias y conocimientos entre personas de diferentes culturas y realidades.<\/p>\n<p>&nbsp;<\/p>\n<p>Las actividades incluyen un taller, una clase magistral y una conferencia, abordando temas relevantes para estudiantes y profesionales del \u00e1rea. El contenido se distribuir\u00e1 en tres encuentros virtuales:<\/p>\n<p>&nbsp;<\/p>\n<ol>\n<li>(re)construcci\u00f3n: cambios en el escenario percusivo y musical a partir de 2020 &#8211; 23 de marzo de 2023 a las 10:00 am &#8211; con Lucas Andrade y Leonardo Caire;<\/li>\n<li>Percusi\u00f3n para Todos: presencia femenina, PCD y LGBTIQ+ en la percusi\u00f3n de hoy &#8211; 24 de marzo de 2023 a las 14:00 &#8211; con Kheeshea Britton (Panam\u00e1), Jacqueline Dourado, Renato Magno, Washington Oliveira y mediaci\u00f3n de Leonardo Caire;<\/li>\n<li>Audiciones y Actuaci\u00f3n: consejos de estudio e interpretaci\u00f3n &#8211; 25 de marzo de 2023 a las 10:00 am &#8211; con Fernanda Kremer y Leonardo Caire.<\/li>\n<\/ol>\n<p>&nbsp;<\/p>\n<p>Todas las reuniones se celebrar\u00e1n en l\u00ednea. Los participantes deber\u00e1n inscribirse gratuitamente rellenando el formulario que estar\u00e1 disponible en la p\u00e1gina web: <a href=\"http:\/\/www.proyate.com\">www.proyate.com<\/a><\/p>\n<p>&nbsp;<\/p>\n<p>Formulario de inscripci\u00f3n: https:\/\/www.shorturl.at\/jmnET<\/p>\n<p>&nbsp;<\/p>\n<p>23 de marzo a las 10.00 horas (Horario de Brasilia):<\/p>\n<p><a href=\"https:\/\/meet.google.com\/sgf-vncp-aox\">https:\/\/meet.google.com\/sgf-vncp-aox<\/a><\/p>\n<p>&nbsp;<\/p>\n<p>24 de marzo a las 14.00 h (Horario de Brasilia):<\/p>\n<p><a href=\"https:\/\/meet.google.com\/iqg-whxn-pbj\">https:\/\/meet.google.com\/iqg-whxn-pbj<\/a><\/p>\n<p>&nbsp;<\/p>\n<p>25 de marzo a las 10.00 h (Horario de Brasilia):<\/p>\n<p><a href=\"https:\/\/meet.google.com\/vob-wfdu-uhf\">https:\/\/meet.google.com\/vob-wfdu-uhf<\/a><\/p>\n<p><em>\u00a0<\/em><\/p>\n","protected":false},"excerpt":{"rendered":"<p>El proyecto Conexiones Percusivas celebrar\u00e1 una serie de actividades virtuales centradas en el universo de la percusi\u00f3n. El formato virtual de las actividades permite que personas de diferentes regiones y pa\u00edses accedan a los contenidos, lo que posibilita el intercambio de experiencias y conocimientos entre personas de diferentes culturas y realidades. &nbsp; Las actividades incluyen [&hellip;]<\/p>\n","protected":false},"author":1,"featured_media":15090,"comment_status":"closed","ping_status":"closed","sticky":false,"template":"","format":"standard","meta":{"footnotes":""},"categories":[53],"tags":[],"class_list":["post-15089","post","type-post","status-publish","format-standard","has-post-thumbnail","hentry","category-noticias-generales"],"lang":"es","translations":{"es":15089,"pt":15092},"pll_sync_post":[],"post_mailing_queue_ids":[],"_links":{"self":[{"href":"http:\/\/staging.ibermusicas.org\/index.php\/wp-json\/wp\/v2\/posts\/15089","targetHints":{"allow":["GET"]}}],"collection":[{"href":"http:\/\/staging.ibermusicas.org\/index.php\/wp-json\/wp\/v2\/posts"}],"about":[{"href":"http:\/\/staging.ibermusicas.org\/index.php\/wp-json\/wp\/v2\/types\/post"}],"author":[{"embeddable":true,"href":"http:\/\/staging.ibermusicas.org\/index.php\/wp-json\/wp\/v2\/users\/1"}],"replies":[{"embeddable":true,"href":"http:\/\/staging.ibermusicas.org\/index.php\/wp-json\/wp\/v2\/comments?post=15089"}],"version-history":[{"count":1,"href":"http:\/\/staging.ibermusicas.org\/index.php\/wp-json\/wp\/v2\/posts\/15089\/revisions"}],"predecessor-version":[{"id":15091,"href":"http:\/\/staging.ibermusicas.org\/index.php\/wp-json\/wp\/v2\/posts\/15089\/revisions\/15091"}],"wp:featuredmedia":[{"embeddable":true,"href":"http:\/\/staging.ibermusicas.org\/index.php\/wp-json\/wp\/v2\/media\/15090"}],"wp:attachment":[{"href":"http:\/\/staging.ibermusicas.org\/index.php\/wp-json\/wp\/v2\/media?parent=15089"}],"wp:term":[{"taxonomy":"category","embeddable":true,"href":"http:\/\/staging.ibermusicas.org\/index.php\/wp-json\/wp\/v2\/categories?post=15089"},{"taxonomy":"post_tag","embeddable":true,"href":"http:\/\/staging.ibermusicas.org\/index.php\/wp-json\/wp\/v2\/tags?post=15089"}],"curies":[{"name":"wp","href":"https:\/\/api.w.org\/{rel}","templated":true}]}}