{"id":15092,"date":"2023-03-14T17:37:58","date_gmt":"2023-03-14T17:37:58","guid":{"rendered":"http:\/\/staging.ibermusicas.org\/?p=15092"},"modified":"2023-04-03T11:19:49","modified_gmt":"2023-04-03T11:19:49","slug":"com-oficina-aula-mestra-e-palestra-chega-conexoes-percussivas","status":"publish","type":"post","link":"http:\/\/staging.ibermusicas.org\/index.php\/com-oficina-aula-mestra-e-palestra-chega-conexoes-percussivas\/","title":{"rendered":"Com oficina, aula mestra e palestra chega Conex\u00f5es Percussivas"},"content":{"rendered":"<p>O projeto Conex\u00f5es Percussivas realizar\u00e1 uma s\u00e9rie de atividades virtuais voltadas ao universo da percuss\u00e3o. O formato virtual das atividades permite que pessoas de diversas regi\u00f5es e pa\u00edses tenham acesso ao conte\u00fado, o que possibilita a troca de experi\u00eancias e conhecimentos entre pessoas de diferentes culturas e realidades.<\/p>\n<p>&nbsp;<\/p>\n<p>As atividades incluem uma oficina, aula mestra e palestra, abordando temas relevantes para estudantes e profissionais da \u00e1rea. O conte\u00fado ser\u00e1 distribu\u00eddo em tr\u00eas encontros virtuais:<\/p>\n<ol>\n<li>(re)constru\u00e7\u00e3o: as mudan\u00e7as no cen\u00e1rio percussivo e musical a partir de 2020 &#8211; dia 23 de mar\u00e7o de 2023 \u00e0s 10:00 am &#8211; com Lucas Andrade e Leonardo Caire;<\/li>\n<li>Percuss\u00e3o para Todes: presen\u00e7a feminina, PCD e LGBTIQ+ na percuss\u00e3o atual &#8211; dia 24 de mar\u00e7o de 2023 \u00e0s 14:00 pm &#8211; com Kheeshea Britton (Panam\u00e1), Jacqueline Dourado, Renato Magno, Washington Oliveira e media\u00e7\u00e3o de Leonardo Caire;<\/li>\n<li>Audi\u00e7\u00f5es e Performance: dicas de estudo e interpreta\u00e7\u00e3o &#8211; dia 25 de mar\u00e7o de 2023 \u00e0s 10:00 am &#8211; com Fernanda Kremer e Leonardo Caire. Os participantes poder\u00e3o se inscrever gratuitamente e receber\u00e3o certifica\u00e7\u00e3o validada pela institui\u00e7\u00e3o anfitri\u00e3, professores e palestrantes.<\/li>\n<\/ol>\n<p>Todos os encontros ser\u00e3o realizados online. As e os participantes dever\u00e3o se inscrever gratuitamente a partir do preenchimento de formul\u00e1rio que ser\u00e1 disponibilizado no site: <a href=\"http:\/\/www.proyate.com\">www.proyate.com<\/a><\/p>\n<p><strong>\u00a0<\/strong><\/p>\n<p>Formul\u00e1rio de inscri\u00e7\u00e3o: <a href=\"https:\/\/www.shorturl.at\/jmnET\">https:\/\/www.shorturl.at\/jmnET<\/a><\/p>\n<p>&nbsp;<\/p>\n<p>23 de mar\u00e7o \u00e0s 10:00 a.m. (hor\u00e1rio de Bras\u00edlia): <a href=\"https:\/\/meet.google.com\/sgf-vncp-aox\">https:\/\/meet.google.com\/sgf-vncp-aox<\/a><\/p>\n<p>&nbsp;<\/p>\n<p>24 de mar\u00e7o \u00e0s 14:00 p.m. (hor\u00e1rio de Bras\u00edlia): <a href=\"https:\/\/meet.google.com\/iqg-whxn-pbj\">https:\/\/meet.google.com\/iqg-whxn-pbj<\/a><\/p>\n<p>&nbsp;<\/p>\n<p>25 de mar\u00e7o \u00e0s 10:00 a.m. (hor\u00e1rio de Bras\u00edlia): <a href=\"https:\/\/meet.google.com\/vob-wfdu-uhf\">https:\/\/meet.google.com\/vob-wfdu-uhf<\/a><\/p>\n<p><em>\u00a0<\/em><\/p>\n","protected":false},"excerpt":{"rendered":"<p>O projeto Conex\u00f5es Percussivas realizar\u00e1 uma s\u00e9rie de atividades virtuais voltadas ao universo da percuss\u00e3o. O formato virtual das atividades permite que pessoas de diversas regi\u00f5es e pa\u00edses tenham acesso ao conte\u00fado, o que possibilita a troca de experi\u00eancias e conhecimentos entre pessoas de diferentes culturas e realidades. &nbsp; As atividades incluem uma oficina, aula [&hellip;]<\/p>\n","protected":false},"author":1,"featured_media":15090,"comment_status":"closed","ping_status":"closed","sticky":false,"template":"","format":"standard","meta":{"footnotes":""},"categories":[218],"tags":[],"class_list":["post-15092","post","type-post","status-publish","format-standard","has-post-thumbnail","hentry","category-noticias-generales-pt"],"lang":"pt","translations":{"pt":15092,"es":15089},"pll_sync_post":[],"post_mailing_queue_ids":[],"_links":{"self":[{"href":"http:\/\/staging.ibermusicas.org\/index.php\/wp-json\/wp\/v2\/posts\/15092","targetHints":{"allow":["GET"]}}],"collection":[{"href":"http:\/\/staging.ibermusicas.org\/index.php\/wp-json\/wp\/v2\/posts"}],"about":[{"href":"http:\/\/staging.ibermusicas.org\/index.php\/wp-json\/wp\/v2\/types\/post"}],"author":[{"embeddable":true,"href":"http:\/\/staging.ibermusicas.org\/index.php\/wp-json\/wp\/v2\/users\/1"}],"replies":[{"embeddable":true,"href":"http:\/\/staging.ibermusicas.org\/index.php\/wp-json\/wp\/v2\/comments?post=15092"}],"version-history":[{"count":1,"href":"http:\/\/staging.ibermusicas.org\/index.php\/wp-json\/wp\/v2\/posts\/15092\/revisions"}],"predecessor-version":[{"id":15093,"href":"http:\/\/staging.ibermusicas.org\/index.php\/wp-json\/wp\/v2\/posts\/15092\/revisions\/15093"}],"wp:featuredmedia":[{"embeddable":true,"href":"http:\/\/staging.ibermusicas.org\/index.php\/wp-json\/wp\/v2\/media\/15090"}],"wp:attachment":[{"href":"http:\/\/staging.ibermusicas.org\/index.php\/wp-json\/wp\/v2\/media?parent=15092"}],"wp:term":[{"taxonomy":"category","embeddable":true,"href":"http:\/\/staging.ibermusicas.org\/index.php\/wp-json\/wp\/v2\/categories?post=15092"},{"taxonomy":"post_tag","embeddable":true,"href":"http:\/\/staging.ibermusicas.org\/index.php\/wp-json\/wp\/v2\/tags?post=15092"}],"curies":[{"name":"wp","href":"https:\/\/api.w.org\/{rel}","templated":true}]}}