{"id":15094,"date":"2023-03-14T17:40:00","date_gmt":"2023-03-14T17:40:00","guid":{"rendered":"http:\/\/staging.ibermusicas.org\/?p=15094"},"modified":"2023-04-03T11:17:29","modified_gmt":"2023-04-03T11:17:29","slug":"adriana-santos-melgarejo-y-patricia-mendoza-lluberas-realizan-su-homenaje-a-la-compositora-uruguaya-carmen-barradas-con-una-serie-de-conciertos-comentados","status":"publish","type":"post","link":"http:\/\/staging.ibermusicas.org\/index.php\/adriana-santos-melgarejo-y-patricia-mendoza-lluberas-realizan-su-homenaje-a-la-compositora-uruguaya-carmen-barradas-con-una-serie-de-conciertos-comentados\/","title":{"rendered":"Adriana Santos Melgarejo y Patricia Mendoza Lluberas realizan su homenaje a la compositora uruguaya Carmen Barradas con una serie de conciertos comentados"},"content":{"rendered":"<p>En 2022 se cumplen 100 a\u00f1os del estreno de \u00abFabricaci\u00f3n\u201d, pieza para piano de la compositora hispano uruguaya Carmen Barradas (1888-1963).\u00a0 El estreno absoluto, a cargo de Barradas, se realiz\u00f3 el 22 de diciembre de 1922 en el Ateneo de Madrid y recibi\u00f3 excelentes cr\u00edticas de prestigiosas figuras del entorno musical espa\u00f1ol.<\/p>\n<p>&nbsp;<\/p>\n<p>En tan significativo aniversario se realizar\u00e1 un homenaje a quien, a principios del siglo XX, se aventur\u00f3 a hurgar en la pluralidad de identidades de un Estado joven y a intentar unificarlas con la tradici\u00f3n acad\u00e9mica europea, sin que su obra se pudiera enmarcar dentro de ninguna corriente estil\u00edstica conocida.<\/p>\n<p>&nbsp;<\/p>\n<p>La propuesta se centra en los aspectos t\u00e9cnico compositivos de su obra, el v\u00ednculo art\u00edstico con sus hermanos vanguardistas y la invisibilizaci\u00f3n que sufri\u00f3 en tanto mujer compositora. Fue una personalidad compositiva excepcional, que a un siglo de sorprender con sus primeras composiciones sigue invit\u00e1ndonos a descubrir su obra y las conexiones de su legado desde la perspectiva de g\u00e9nero.<\/p>\n<p>&nbsp;<\/p>\n<p>La propuesta consiste en la realizaci\u00f3n de un acontecimiento art\u00edstico que radica en la celebraci\u00f3n de una jornada integrada denominada \u201cFabricaci\u00f3n es universo\u201d -frase de la propia Carmen Barradas- que comprende un recital de m\u00fasica en vivo y la realizaci\u00f3n de una performance a partir de cartas y textos de la artista, acompa\u00f1ados de proyecciones de im\u00e1genes en video con fragmentos de obras de Rafael Barradas, fotograf\u00edas y otros disparadores.<\/p>\n<p>&nbsp;<\/p>\n<p>La performance se llevar\u00e1 a cabo en base a la obra de Carmen Barradas y los cruces con la obra de sus hermanos, generando un espacio de convivio en el encuentro con el p\u00fablico, a la escucha de sus reacciones. Se ejecutar\u00e1n 12 obras para piano solo pertenecientes al acervo Barradas, entre ellas las piezas paradigm\u00e1ticas: Fabricaci\u00f3n, Aserradero y Fundici\u00f3n.<\/p>\n<p>&nbsp;<\/p>\n<p>La segunda parte del homenaje, es la realizaci\u00f3n de un coloquio con la participaci\u00f3n de destacados acad\u00e9micos. El evento ofrece una parte art\u00edstica de creaci\u00f3n-interpretaci\u00f3n y una segunda parte donde se exponen resultados de las \u00faltimas investigaciones cient\u00edficas en torno a la compositora.<\/p>\n<p>&nbsp;<\/p>\n<p>El 18 de mayo de 1888 naci\u00f3 en Montevideo Mar\u00eda del Carmen P\u00e9rez Gim\u00e9nez. La familia propici\u00f3 el espacio para que cada hijo tuviera la posibilidad de desarrollar su sensibilidad: Carmen a trav\u00e9s de la m\u00fasica, Rafael con la pintura y Antonio en la poes\u00eda. Seg\u00fan testimonios, los hermanos desarrollaban paralelamente la b\u00fasqueda de un lenguaje art\u00edstico propio y compart\u00edan conceptos que cada uno desplegaba desde su disciplina.<\/p>\n<p>&nbsp;<\/p>\n<p>Santos Melgarejo ha estudiado la obra de Barradas desde 2012 y ha publicado diversos art\u00edculos de divulgaci\u00f3n y cient\u00edficos los que ha expuesto en diversos congresos y jornadas acad\u00e9micas, trabajo que ha contribuido a dar a conocer la obra de Barradas. En 2017 Adriana invit\u00f3 a Patricia Mendoza Lluberas a participar de un proyecto de investigaci\u00f3n conjunto; actualmente contin\u00faan trabajando en el an\u00e1lisis e interpretaci\u00f3n de la obra de Barradas (m\u00e1s de 170 manuscritos), y en la realizaci\u00f3n de un fonograma dedicado \u00edntegramente a la obra de la compositora. La investigaci\u00f3n consiste en la recolecci\u00f3n de partituras manuscritas, su an\u00e1lisis, su interpretaci\u00f3n, la grabaci\u00f3n en audio y su posproducci\u00f3n y la presentaci\u00f3n de sus resultados. Para ello recibi\u00f3 los FFCC del MEC en la categor\u00eda m\u00fasica. En 2019 Adriana comenz\u00f3 a colaborar con Gabriela Aceves Sep\u00falveda, quien desde 2017, trabaja sobre Barradas como parte de una investigaci\u00f3n sobre g\u00e9nero y sonido en Am\u00e9rica Latina; juntas realizaron dos art\u00edculos en coautor\u00eda.<\/p>\n<p>&nbsp;<\/p>\n<p>&nbsp;<\/p>\n<p>31 de marzo 19 hs. Universidad Nacional de las Artes, Sala Roque de Pedro, Av. C\u00f3rdoba 2445, Ciudad de Buenos Aires<\/p>\n","protected":false},"excerpt":{"rendered":"<p>En 2022 se cumplen 100 a\u00f1os del estreno de \u00abFabricaci\u00f3n\u201d, pieza para piano de la compositora hispano uruguaya Carmen Barradas (1888-1963).\u00a0 El estreno absoluto, a cargo de Barradas, se realiz\u00f3 el 22 de diciembre de 1922 en el Ateneo de Madrid y recibi\u00f3 excelentes cr\u00edticas de prestigiosas figuras del entorno musical espa\u00f1ol. &nbsp; En tan [&hellip;]<\/p>\n","protected":false},"author":1,"featured_media":15095,"comment_status":"closed","ping_status":"closed","sticky":false,"template":"","format":"standard","meta":{"footnotes":""},"categories":[53],"tags":[],"class_list":["post-15094","post","type-post","status-publish","format-standard","has-post-thumbnail","hentry","category-noticias-generales"],"lang":"es","translations":{"es":15094,"pt":15097},"pll_sync_post":[],"post_mailing_queue_ids":[],"_links":{"self":[{"href":"http:\/\/staging.ibermusicas.org\/index.php\/wp-json\/wp\/v2\/posts\/15094","targetHints":{"allow":["GET"]}}],"collection":[{"href":"http:\/\/staging.ibermusicas.org\/index.php\/wp-json\/wp\/v2\/posts"}],"about":[{"href":"http:\/\/staging.ibermusicas.org\/index.php\/wp-json\/wp\/v2\/types\/post"}],"author":[{"embeddable":true,"href":"http:\/\/staging.ibermusicas.org\/index.php\/wp-json\/wp\/v2\/users\/1"}],"replies":[{"embeddable":true,"href":"http:\/\/staging.ibermusicas.org\/index.php\/wp-json\/wp\/v2\/comments?post=15094"}],"version-history":[{"count":1,"href":"http:\/\/staging.ibermusicas.org\/index.php\/wp-json\/wp\/v2\/posts\/15094\/revisions"}],"predecessor-version":[{"id":15096,"href":"http:\/\/staging.ibermusicas.org\/index.php\/wp-json\/wp\/v2\/posts\/15094\/revisions\/15096"}],"wp:featuredmedia":[{"embeddable":true,"href":"http:\/\/staging.ibermusicas.org\/index.php\/wp-json\/wp\/v2\/media\/15095"}],"wp:attachment":[{"href":"http:\/\/staging.ibermusicas.org\/index.php\/wp-json\/wp\/v2\/media?parent=15094"}],"wp:term":[{"taxonomy":"category","embeddable":true,"href":"http:\/\/staging.ibermusicas.org\/index.php\/wp-json\/wp\/v2\/categories?post=15094"},{"taxonomy":"post_tag","embeddable":true,"href":"http:\/\/staging.ibermusicas.org\/index.php\/wp-json\/wp\/v2\/tags?post=15094"}],"curies":[{"name":"wp","href":"https:\/\/api.w.org\/{rel}","templated":true}]}}