{"id":15099,"date":"2023-03-14T17:43:54","date_gmt":"2023-03-14T17:43:54","guid":{"rendered":"http:\/\/staging.ibermusicas.org\/?p=15099"},"modified":"2023-03-14T17:43:54","modified_gmt":"2023-03-14T17:43:54","slug":"la-artista-costarricense-maf-e-tula-llevara-a-la-argentina-su-propuesta-voces-que-expanden-el-cambio","status":"publish","type":"post","link":"http:\/\/staging.ibermusicas.org\/index.php\/la-artista-costarricense-maf-e-tula-llevara-a-la-argentina-su-propuesta-voces-que-expanden-el-cambio\/","title":{"rendered":"La artista costarricense Maf e Tul\u00e1 llevar\u00e1 a la Argentina su propuesta \u201cVoces que expanden el cambio\u201d"},"content":{"rendered":"<p>Con 16 a\u00f1os de trayectoria, 4 \u00e1lbumes, una gran cantidad de sencillos y videoclips, presentaciones en m\u00e1s de 15 pa\u00edses y 2 premios de la asociaci\u00f3n de compositores y autores de Costa Rica ACAM, Maf e Tul\u00e1\u00a0 (Mar\u00eda Fernanda S\u00e1enz) artista, compositora e int\u00e9rprete costarricense, comprometida con el arte como herramienta de transformaci\u00f3n social, navega entre el folk, lo tribal, el jazz, el funk, los ritmos latinos y los sonidos del mundo.<\/p>\n<p>&nbsp;<\/p>\n<p>Entre el 2006 y el 2022, la m\u00fasica le ha llevado a presentarse en Espa\u00f1a, Inglaterra, B\u00e9lgica, Francia, Alemania, Suiza, Italia, Cuba, Argentina, Brasil, Colombia, Guatemala, M\u00e9xico, Honduras,<\/p>\n<p>El Salvador y Nicaragua adem\u00e1s de Costa Rica.<\/p>\n<p>&nbsp;<\/p>\n<p>En colaboraci\u00f3n con la SSF &#8211; Sostenibilidad Sin Fronteras &#8211; y con la Confederaci\u00f3n de Trabajadores de la Educaci\u00f3n de la Rep\u00fablica de Argentina, CTERA. Realizar\u00e1 durante el mes de marzo del 2023, una serie de actividades que incluyen c\u00edrculos de artivismo y presentaciones musicales.\u00a0 Todo el repertorio est\u00e1 concebido como herramienta para abrir los di\u00e1logos. Se trata de canciones con profundo contenido, comprometidas con un mensaje de reflexi\u00f3n, simpat\u00eda por la naturaleza, y empat\u00eda c\u00f3mo sociedad.<\/p>\n<p>&nbsp;<\/p>\n<p>Las actividades proponen abrir un di\u00e1logo alrededor de temas como: la no violencia contra la mujer, la salud mental, los derechos de la ni\u00f1ez, la conciencia ecol\u00f3gica, entre otros.<\/p>\n<p>&nbsp;<\/p>\n<p>El 22 de abril se realizar\u00e1 en Buenos Aires la marcha por el D\u00eda de la Tierra. Se expondr\u00e1 all\u00ed parte del material creado en conjunto durante los ciclos de artivismo: mantas, carteles y consignas.<\/p>\n","protected":false},"excerpt":{"rendered":"<p>Con 16 a\u00f1os de trayectoria, 4 \u00e1lbumes, una gran cantidad de sencillos y videoclips, presentaciones en m\u00e1s de 15 pa\u00edses y 2 premios de la asociaci\u00f3n de compositores y autores de Costa Rica ACAM, Maf e Tul\u00e1\u00a0 (Mar\u00eda Fernanda S\u00e1enz) artista, compositora e int\u00e9rprete costarricense, comprometida con el arte como herramienta de transformaci\u00f3n social, navega [&hellip;]<\/p>\n","protected":false},"author":1,"featured_media":15100,"comment_status":"closed","ping_status":"closed","sticky":false,"template":"","format":"standard","meta":{"footnotes":""},"categories":[53],"tags":[],"class_list":["post-15099","post","type-post","status-publish","format-standard","has-post-thumbnail","hentry","category-noticias-generales"],"lang":"es","translations":{"es":15099,"pt":15102},"pll_sync_post":[],"post_mailing_queue_ids":[],"_links":{"self":[{"href":"http:\/\/staging.ibermusicas.org\/index.php\/wp-json\/wp\/v2\/posts\/15099","targetHints":{"allow":["GET"]}}],"collection":[{"href":"http:\/\/staging.ibermusicas.org\/index.php\/wp-json\/wp\/v2\/posts"}],"about":[{"href":"http:\/\/staging.ibermusicas.org\/index.php\/wp-json\/wp\/v2\/types\/post"}],"author":[{"embeddable":true,"href":"http:\/\/staging.ibermusicas.org\/index.php\/wp-json\/wp\/v2\/users\/1"}],"replies":[{"embeddable":true,"href":"http:\/\/staging.ibermusicas.org\/index.php\/wp-json\/wp\/v2\/comments?post=15099"}],"version-history":[{"count":1,"href":"http:\/\/staging.ibermusicas.org\/index.php\/wp-json\/wp\/v2\/posts\/15099\/revisions"}],"predecessor-version":[{"id":15101,"href":"http:\/\/staging.ibermusicas.org\/index.php\/wp-json\/wp\/v2\/posts\/15099\/revisions\/15101"}],"wp:featuredmedia":[{"embeddable":true,"href":"http:\/\/staging.ibermusicas.org\/index.php\/wp-json\/wp\/v2\/media\/15100"}],"wp:attachment":[{"href":"http:\/\/staging.ibermusicas.org\/index.php\/wp-json\/wp\/v2\/media?parent=15099"}],"wp:term":[{"taxonomy":"category","embeddable":true,"href":"http:\/\/staging.ibermusicas.org\/index.php\/wp-json\/wp\/v2\/categories?post=15099"},{"taxonomy":"post_tag","embeddable":true,"href":"http:\/\/staging.ibermusicas.org\/index.php\/wp-json\/wp\/v2\/tags?post=15099"}],"curies":[{"name":"wp","href":"https:\/\/api.w.org\/{rel}","templated":true}]}}