{"id":15102,"date":"2023-03-14T17:45:24","date_gmt":"2023-03-14T17:45:24","guid":{"rendered":"http:\/\/staging.ibermusicas.org\/?p=15102"},"modified":"2023-03-14T17:45:24","modified_gmt":"2023-03-14T17:45:24","slug":"a-artista-costarriquenha-maf-e-tula-levara-sua-proposta-vozes-que-expandem-a-mudanca-para-a-argentina","status":"publish","type":"post","link":"http:\/\/staging.ibermusicas.org\/index.php\/a-artista-costarriquenha-maf-e-tula-levara-sua-proposta-vozes-que-expandem-a-mudanca-para-a-argentina\/","title":{"rendered":"A artista costarriquenha Maf e Tul\u00e1 levar\u00e1 sua proposta \u00abVozes que expandem a mudan\u00e7a\u00bb para a Argentina"},"content":{"rendered":"<p>Com 16 anos de experi\u00eancia, 4 \u00e1lbuns, um grande n\u00famero de singles e videoclipes, apresenta\u00e7\u00f5es em mais de 15 pa\u00edses e 2 pr\u00eamios da associa\u00e7\u00e3o de compositores e autores da Costa Rica ACAM, Maf e Tul\u00e1 (Mar\u00eda Fernanda S\u00e1enz) artista, compositora e performer costarriquenha, comprometida com a arte como ferramenta de transforma\u00e7\u00e3o social, navega entre o folk, o tribal, o jazz, o funk e os ritmos latinos e os sons do mundo.<\/p>\n<p>&nbsp;<\/p>\n<p>Entre 2006 e 2022, a m\u00fasica a levou a se apresentar na Espanha, Inglaterra, B\u00e9lgica, Fran\u00e7a, Alemanha, Su\u00ed\u00e7a, It\u00e1lia, Cuba, Argentina, Brasil, Col\u00f4mbia, Guatemala, M\u00e9xico, Honduras, El Salvador e Nicar\u00e1gua, al\u00e9m do Costa Rica.<\/p>\n<p>&nbsp;<\/p>\n<p>Em colabora\u00e7\u00e3o com a SSF &#8211; Sustentabilidade sem Fronteiras &#8211; e com a Confedera\u00e7\u00e3o dos Trabalhadores em Educa\u00e7\u00e3o da Rep\u00fablica Argentina, CTERA. Durante o m\u00eas de mar\u00e7o de 2023, vai realizar uma s\u00e9rie de atividades que incluem rodas de arte e apresenta\u00e7\u00f5es musicais. Todo o repert\u00f3rio \u00e9 concebido como uma ferramenta para abrir di\u00e1logos. S\u00e3o m\u00fasicas de conte\u00fado profundo, comprometidas com uma mensagem de reflex\u00e3o, simpatia pela natureza e empatia como sociedade.<\/p>\n<p>&nbsp;<\/p>\n<p>As atividades se prop\u00f5em a abrir um di\u00e1logo em torno de temas como: n\u00e3o viol\u00eancia contra a mulher, sa\u00fade mental, direitos da crian\u00e7a, consci\u00eancia ecol\u00f3gica, entre outros.<\/p>\n<p>&nbsp;<\/p>\n<p>&nbsp;<\/p>\n<p>Em 22 de abril, a marcha para o Dia da Terra acontecer\u00e1 em Buenos Aires. Parte do material criado em conjunto durante os ciclos de artivismo estar\u00e1 exposto l\u00e1: mantas, faixas e cartazes.<\/p>\n","protected":false},"excerpt":{"rendered":"<p>Com 16 anos de experi\u00eancia, 4 \u00e1lbuns, um grande n\u00famero de singles e videoclipes, apresenta\u00e7\u00f5es em mais de 15 pa\u00edses e 2 pr\u00eamios da associa\u00e7\u00e3o de compositores e autores da Costa Rica ACAM, Maf e Tul\u00e1 (Mar\u00eda Fernanda S\u00e1enz) artista, compositora e performer costarriquenha, comprometida com a arte como ferramenta de transforma\u00e7\u00e3o social, navega entre [&hellip;]<\/p>\n","protected":false},"author":1,"featured_media":15100,"comment_status":"closed","ping_status":"closed","sticky":false,"template":"","format":"standard","meta":{"footnotes":""},"categories":[218],"tags":[],"class_list":["post-15102","post","type-post","status-publish","format-standard","has-post-thumbnail","hentry","category-noticias-generales-pt"],"lang":"pt","translations":{"pt":15102,"es":15099},"pll_sync_post":[],"post_mailing_queue_ids":[],"_links":{"self":[{"href":"http:\/\/staging.ibermusicas.org\/index.php\/wp-json\/wp\/v2\/posts\/15102","targetHints":{"allow":["GET"]}}],"collection":[{"href":"http:\/\/staging.ibermusicas.org\/index.php\/wp-json\/wp\/v2\/posts"}],"about":[{"href":"http:\/\/staging.ibermusicas.org\/index.php\/wp-json\/wp\/v2\/types\/post"}],"author":[{"embeddable":true,"href":"http:\/\/staging.ibermusicas.org\/index.php\/wp-json\/wp\/v2\/users\/1"}],"replies":[{"embeddable":true,"href":"http:\/\/staging.ibermusicas.org\/index.php\/wp-json\/wp\/v2\/comments?post=15102"}],"version-history":[{"count":2,"href":"http:\/\/staging.ibermusicas.org\/index.php\/wp-json\/wp\/v2\/posts\/15102\/revisions"}],"predecessor-version":[{"id":15104,"href":"http:\/\/staging.ibermusicas.org\/index.php\/wp-json\/wp\/v2\/posts\/15102\/revisions\/15104"}],"wp:featuredmedia":[{"embeddable":true,"href":"http:\/\/staging.ibermusicas.org\/index.php\/wp-json\/wp\/v2\/media\/15100"}],"wp:attachment":[{"href":"http:\/\/staging.ibermusicas.org\/index.php\/wp-json\/wp\/v2\/media?parent=15102"}],"wp:term":[{"taxonomy":"category","embeddable":true,"href":"http:\/\/staging.ibermusicas.org\/index.php\/wp-json\/wp\/v2\/categories?post=15102"},{"taxonomy":"post_tag","embeddable":true,"href":"http:\/\/staging.ibermusicas.org\/index.php\/wp-json\/wp\/v2\/tags?post=15102"}],"curies":[{"name":"wp","href":"https:\/\/api.w.org\/{rel}","templated":true}]}}