{"id":15135,"date":"2023-04-03T11:16:37","date_gmt":"2023-04-03T11:16:37","guid":{"rendered":"http:\/\/staging.ibermusicas.org\/?p=15135"},"modified":"2023-05-02T17:46:56","modified_gmt":"2023-05-02T17:46:56","slug":"ya-se-encuentra-disponible-el-album-iberomerica-canta-a-mercedes-sosa-que-une-a-artistas-de-argentina-mexico-portugal-y-venezuela-en-torno-a-la-figura-de-la-gran-interprete-argenti","status":"publish","type":"post","link":"http:\/\/staging.ibermusicas.org\/index.php\/ya-se-encuentra-disponible-el-album-iberomerica-canta-a-mercedes-sosa-que-une-a-artistas-de-argentina-mexico-portugal-y-venezuela-en-torno-a-la-figura-de-la-gran-interprete-argenti\/","title":{"rendered":"Ya se encuentra disponible el \u00e1lbum \u201cIberom\u00e9rica canta a Mercedes Sosa\u201d que une a artistas de Argentina, M\u00e9xico, Portugal y Venezuela en torno a la figura de la gran int\u00e9rprete argentina"},"content":{"rendered":"<p>El a\u00f1o 2020 impuso una pausa a la humanidad. Muchas y muchos artistas encontraron la posibilidad de hacer m\u00fasica a distancia, utilizando los medios tecnol\u00f3gicos. Sorpresivamente, esto brind\u00f3 la posibilidad de compartir la m\u00fasica y la cultura, con culturas de diversos pa\u00edses alrededor del mundo. Y para alegr\u00eda de muchos, las distancias se borraron.<\/p>\n<p>&nbsp;<\/p>\n<p>Mariana Torrealba de Venezuela en el contrabajo, Claudia Cota<\/p>\n<p>Gamez de M\u00e9xico en voz, Juan Pablo Esmok de Argentina en la guitarra y Jo\u00e3o Gentil de Portugal en el acorde\u00f3n homenajean a quien los uni\u00f3 con su voz y con su canto, la Se\u00f1ora Mercedes Sosa, la voz de Am\u00e9rica.<\/p>\n<p>&nbsp;<\/p>\n<p>Jo\u00e3o Gentil (Portugal) es un acordeonista que cambi\u00f3 la imagen del acorde\u00f3n, transform\u00e1ndolo en un instrumento dulce y sentimental, capaz de expresar desde su interior una belleza mel\u00f3dica estremecedora. Posee un vasto curr\u00edculo y participaciones con m\u00fasicos de renombre nacional e internacional como Viviane, Ux\u00eda, Rui Veloso, Brigada Victor Jara, Luiz Caracol, Rog\u00e9rio Charraz, entre otros. En su carrera destacan varias giras por Argentina, pa\u00eds por el que siente una especial pasi\u00f3n y de donde recibe la mayor parte de sus influencias musicales. Colabor\u00f3 con Accordions WorldWide (www.accordions.com) y Roland Corporation, en el desarrollo del acorde\u00f3n digital Roland V. En 2009 comenz\u00f3 el estudio del bandone\u00f3n en Buenos Aires asistiendo a seminarios con el prof. Julian Hasse de la Academia Nacional del Tango de Buenos Aires. Se perfeccion\u00f3 en la escuela de acorde\u00f3n CNIMA &#8211; Centre National et International de Musique et de l&#8217;Accord\u00e9on, en Francia. Es miembro de la Accademia Italiana Del Bandone\u00f3n desde 2019. Es profesor de acorde\u00f3n en la Escola de Artes do Centro de Artes e Espect\u00e1culos da Figueira da Foz desde 2014. Grab\u00f3 su primer disco bajo el nombre \u00abConLatinidade\u00bb en Argentina y Portugal con la participaci\u00f3n de m\u00fasicos argentinos, portugueses y brasile\u00f1os.<\/p>\n<p>&nbsp;<\/p>\n<p>Claudia Cota (M\u00e9xico) es una soprano mexicana, con grado de Licenciatura en canto de \u00f3pera y concierto. Ha estado a cargo del papel principal en decenas de \u00f3peras de gran importancia siendo tambi\u00e9n protagonista en afamados musicales, tanto en M\u00e9xico como en Argentina. Parte de su discograf\u00eda contiene: Pensamientos de Paz , Gozo y Alegr\u00eda, Estar\u00e9is tranquilos, Palabras de vida, Ruth, El Nacimiento de Jesucristo. Alabaremos y Cantaremos LAUDATE PUERI de Antonio Vivaldi. Ha obtenido los primeros puestos por mejor interpretaci\u00f3n de m\u00fasica francesa, Premio Nacional de Canto de la Universidad de Xalapa y en el concurso\u00a0 del curso de perfeccionamiento vocal y esc\u00e9nico en Santa Margarita L\u00edgure, Italia.<\/p>\n<p>&nbsp;<\/p>\n<p>Mariana Torrealba (Venezuela &#8211; M\u00e9xico) naci\u00f3 en la ciudad de Valencia del estado Carabobo,Venezuela. Inici\u00f3 sus estudios musicales a la edad de 14 a\u00f1os en el Tecnol\u00f3gico de M\u00fasica de Valencia para tomar clases de bajo el\u00e9ctrico. Luego decidi\u00f3 estudiar m\u00fasica formalmente en el Conservatorio de m\u00fasica del estado Carabobo, en el cual escogi\u00f3 estudiar Contrabajo como instrumento principal. En el a\u00f1o 2005 audicion\u00f3 en La Orquesta Sinf\u00f3nica del Estado Carabobo quedando como miembro de \u00e9sta orquesta hasta el 2007. En al a\u00f1o 2008 pas\u00f3 al Sistema de Orquestas Sinf\u00f3nicas de Juveniles e infantiles de Venezuela. Tuvo la experiencia de ser dirigida en algunas temporadas por maestros invitados con renombre como Gustavo Dudamel y Angelo Pagliuca, entre otros m\u00e1s. En 2014 se mud\u00f3 a Guanajuato, M\u00e9xico.<\/p>\n<p>&nbsp;<\/p>\n<p>Juan Pablo Esmok Lew (Argentina) es profesor de guitarra egresado del Conservatorio Municipal de M\u00fasica Manuel de Falla. All\u00ed estudi\u00f3 con profesores como V\u00edctor Villadangos, Carlos Piegari, Juan Fal\u00fa y Jos\u00e9 Verdi. Hoy en d\u00eda contin\u00faa perfeccionando su carrera como int\u00e9rprete de guitarra cl\u00e1sica a trav\u00e9s de master class cursos y seminarios (Mar\u00eda Isabel Siewers, Dolores Costoyas, Sergio Moldavsky).\u00a0 En el 2004 present\u00f3 su primer material discogr\u00e1fico como guitarrista solista: \u00abSignificativo\u00bb y realiz\u00f3 conciertos en las principales salas de la ciudad. En 1999 form\u00f3 el grupo de m\u00fasica \u00abTr\u00edo Ib\u00e1\u00f1ez\u00bb con quien realiz\u00f3 la m\u00fasica para las pel\u00edculas \u201cSidra\u201d, \u201cT. Ves?\u201d y \u201cHabanos y Cigarrillos\u201d y editan su CD \u201cAbran Cancha\u201d. En el 2006 forma el d\u00fao Color a Nuevo junto a Federico D\u2019Attellis. En 2011 edita su segundo disco solista \u201cCon Cuerda Propia\u201d por Acqua Records 2011. Con \u201cLos Primos Gabino\u201d graban un Cd titulado \u201cPuerto a Puerto\u201d, junto a la cantante portuguesa Beatriz Almeida,y luego, junto a la cantante argentina Karina Beorlegui, grabaron el DC \u201cMa\u00f1ana Zarpa un Barco\u201d (editado por Aqcua Records). Actualmente se encuentra presentando su nuevo disco solista \u201cDonde Quiera Que Est\u00e9s\u201dcompuesto de obras propias, con una fuerte ra\u00edz folcl\u00f3rica, y m\u00fasicas del mundo, interpretada con un lenguaje acad\u00e9mico pero tambi\u00e9n con el recurso de la improvisaci\u00f3n. Se desempe\u00f1a como profesor de Audioperceptiva y Lenguaje Musical en el Conservatorio Municipal de M\u00fasica Manuel de Falla.<\/p>\n<p>&nbsp;<\/p>\n<p>&nbsp;<\/p>\n<p>A partir del 19 de marzo en: https:\/\/youtu.be\/V3y_XXNYVm0<\/p>\n","protected":false},"excerpt":{"rendered":"<p>El a\u00f1o 2020 impuso una pausa a la humanidad. Muchas y muchos artistas encontraron la posibilidad de hacer m\u00fasica a distancia, utilizando los medios tecnol\u00f3gicos. Sorpresivamente, esto brind\u00f3 la posibilidad de compartir la m\u00fasica y la cultura, con culturas de diversos pa\u00edses alrededor del mundo. Y para alegr\u00eda de muchos, las distancias se borraron. &nbsp; [&hellip;]<\/p>\n","protected":false},"author":1,"featured_media":15136,"comment_status":"closed","ping_status":"closed","sticky":false,"template":"","format":"standard","meta":{"footnotes":""},"categories":[53],"tags":[],"class_list":["post-15135","post","type-post","status-publish","format-standard","has-post-thumbnail","hentry","category-noticias-generales"],"lang":"es","translations":{"es":15135,"pt":15138},"pll_sync_post":[],"post_mailing_queue_ids":[],"_links":{"self":[{"href":"http:\/\/staging.ibermusicas.org\/index.php\/wp-json\/wp\/v2\/posts\/15135","targetHints":{"allow":["GET"]}}],"collection":[{"href":"http:\/\/staging.ibermusicas.org\/index.php\/wp-json\/wp\/v2\/posts"}],"about":[{"href":"http:\/\/staging.ibermusicas.org\/index.php\/wp-json\/wp\/v2\/types\/post"}],"author":[{"embeddable":true,"href":"http:\/\/staging.ibermusicas.org\/index.php\/wp-json\/wp\/v2\/users\/1"}],"replies":[{"embeddable":true,"href":"http:\/\/staging.ibermusicas.org\/index.php\/wp-json\/wp\/v2\/comments?post=15135"}],"version-history":[{"count":1,"href":"http:\/\/staging.ibermusicas.org\/index.php\/wp-json\/wp\/v2\/posts\/15135\/revisions"}],"predecessor-version":[{"id":15137,"href":"http:\/\/staging.ibermusicas.org\/index.php\/wp-json\/wp\/v2\/posts\/15135\/revisions\/15137"}],"wp:featuredmedia":[{"embeddable":true,"href":"http:\/\/staging.ibermusicas.org\/index.php\/wp-json\/wp\/v2\/media\/15136"}],"wp:attachment":[{"href":"http:\/\/staging.ibermusicas.org\/index.php\/wp-json\/wp\/v2\/media?parent=15135"}],"wp:term":[{"taxonomy":"category","embeddable":true,"href":"http:\/\/staging.ibermusicas.org\/index.php\/wp-json\/wp\/v2\/categories?post=15135"},{"taxonomy":"post_tag","embeddable":true,"href":"http:\/\/staging.ibermusicas.org\/index.php\/wp-json\/wp\/v2\/tags?post=15135"}],"curies":[{"name":"wp","href":"https:\/\/api.w.org\/{rel}","templated":true}]}}