{"id":15138,"date":"2023-04-03T11:23:15","date_gmt":"2023-04-03T11:23:15","guid":{"rendered":"http:\/\/staging.ibermusicas.org\/?p=15138"},"modified":"2023-05-02T17:49:40","modified_gmt":"2023-05-02T17:49:40","slug":"ja-esta-disponivel-o-album-iberomerica-canta-para-mercedes-sosa-reunindo-artistas-da-argentina-mexico-portugal-e-venezuela-em-torno-da-figura-da-grande-interprete-argentina","status":"publish","type":"post","link":"http:\/\/staging.ibermusicas.org\/index.php\/ja-esta-disponivel-o-album-iberomerica-canta-para-mercedes-sosa-reunindo-artistas-da-argentina-mexico-portugal-e-venezuela-em-torno-da-figura-da-grande-interprete-argentina\/","title":{"rendered":"J\u00e1 est\u00e1 dispon\u00edvel o \u00e1lbum \u00abIberom\u00e9rica canta para Mercedes Sosa\u00bb, reunindo artistas da Argentina, M\u00e9xico, Portugal e Venezuela em torno da figura da grande int\u00e9rprete argentina"},"content":{"rendered":"<p>O ano de 2020 imp\u00f4s uma pausa na humanidade. Muitas e muitos artistas encontraram a possibilidade de fazer m\u00fasica \u00e0 dist\u00e2ncia, usando meios tecnol\u00f3gicos. Surpreendentemente, isso ofereceu a possibilidade de compartilhar m\u00fasica e cultura com culturas de v\u00e1rios pa\u00edses do mundo. E para alegria de muitos, as dist\u00e2ncias foram apagadas.<\/p>\n<p>Mariana Torrealba de Venezuela no contrabaixo, a mexicana Claudia Cota Gamez na voz, o argentino Juan Pablo Esmok na guitarra e o portugu\u00eas Jo\u00e3o Gentil no acorde\u00e3o homenageiam aquela que os uniu com sua voz e canto, Dona Mercedes Sosa, a voz da Am\u00e9rica.<\/p>\n<p>Jo\u00e3o Gentil (Portugal) \u00e9 um acordeonista que mudou a imagem do acorde\u00e3o, transformando-o num instrumento doce, sentimental e capaz de exprimir do seu interior uma beleza mel\u00f3dica arrepiante. Conta com um vasto curr\u00edculo e participa\u00e7\u00f5es com m\u00fasicos de renome nacional e internacional, como Viviane, Ux\u00eda, Rui Veloso, Brigada Victor Jara, Luiz Caracol, Rog\u00e9rio Charraz, entre outros. No seu percurso destacam-se as v\u00e1rias digress\u00f5es na Argentina, pa\u00eds pelo qual nutre uma especial paix\u00e3o e onde vai buscar grande parte das suas influ\u00eancias musicais. Foi colaborador da Accordions WorldWide\u00a0 (www.accordions.com) e da Roland Corporation, no desenvolvimento do acorde\u00e3o digital Roland V. Em 2009 iniciou o estudo do Bandoneon na cidade de Buenos Aires assistindo semin\u00e1rios com o prof. Julian Hasse da Academia Nacional del Tango de Buenos Aires. Aperfei\u00e7oou-se na escola de acorde\u00e3o CNIMA &#8211; Centre National et International de Musique et de l&#8217;Accord\u00e9on, em Fran\u00e7a. \u00c9 membro da Accademia Italiana Del Bandoneon desde 2019. \u00c9 professor de acorde\u00e3o na Escola de Artes do Centro de Artes e Espect\u00e1culos da Figueira da Foz desde 2014. Gravou o seu primeiro disco com o nome \u201cConLatinidade\u201d na Argentina e Portugal com a participa\u00e7\u00e3o de m\u00fasicos argentinos, portugueses e brasileiros.<\/p>\n<p>Claudia Cota (M\u00e9xico) \u00e9 uma soprano mexicana, formada em canto l\u00edrico e l\u00edrico. Ocupou o papel principal em dezenas de \u00f3peras de grande import\u00e2ncia, sendo tamb\u00e9m protagonista em musicais famosos, tanto no M\u00e9xico como na Argentina. Parte de sua discografia cont\u00e9m: Pensamentos de Paz, Alegria e Alegria, Ter\u00e1s Calma, Palavras de Vida, Rute, O Nascimento de Jesus Cristo. Louvaremos e cantaremos LAUDATE PUERI de Antonio Vivaldi. Obteve os primeiros lugares de melhor interpreta\u00e7\u00e3o de m\u00fasica francesa, Pr\u00eamio Nacional de Canto da Universidade de Xalapa e no concurso do curso de aperfei\u00e7oamento vocal e c\u00e9nico em Santa Margarita L\u00edgure, Italia.<\/p>\n<p>Mariana Torrealba (Venezuela &#8211; M\u00e9xico) nasceu na cidade de Valencia no estado de Carabobo, Venezuela. Iniciou seus estudos musicais aos 14 anos no Tecnol\u00f3gico de M\u00fasica de Valencia para fazer aulas de contrabaixo el\u00e9trico. Decidiu ent\u00e3o estudar m\u00fasica formalmente no Conservat\u00f3rio Estadual de M\u00fasica de Carabobo, onde optou por estudar contrabaixo como instrumento principal. Em 2005 fez um teste para a Orquestra Sinf\u00f4nica do Estado de Carabobo, permanecendo como membro desta orquestra at\u00e9 2007. Em 2008 foi para o Sistema de Orquestra Sinf\u00f4nica Juvenil e Infantil da Venezuela. Teve a experi\u00eancia de ser dirigida em algumas temporadas por renomados professores convidados como Gustavo Dudamel e Angelo Pagliuca, entre outros. Em 2014 mudou-se para Guanajuato, no M\u00e9xico.<\/p>\n<p>Juan Pablo Esmok Lew (Argentina) \u00e9 professor de viol\u00e3o formado pelo Conservat\u00f3rio Municipal de M\u00fasica Manuel de Falla. L\u00e1 estudou com professores como V\u00edctor Villadangos, Carlos Piegari, Juan Fal\u00fa e Jos\u00e9 Verdi. Hoje continua a aperfei\u00e7oar a sua carreira de violonista cl\u00e1ssico atrav\u00e9s de masterclasses e semin\u00e1rios (Mar\u00eda Isabel Siewers, Dolores Costoyas, Sergio Moldavsky). Em 2004 apresentou o seu primeiro material discogr\u00e1fico como violonista a solo: \u00abSignificativo\u00bb e realizou concertos nas principais sal\u00f5es da cidade. Em 1999 formou o grupo musical \u00abTr\u00edo Ib\u00e1\u00f1ez\u00bb com quem fez a m\u00fasica para os filmes \u00abSidra\u00bb, \u00abT. Ves?\u00bb e \u00abHabanos y Cigarrillos\u00bb e editou seu CD \u00abOpen Cancha\u00bb em Em 2006 formou a dupla Color a Nuevo com Federico D&#8217;Attellis. Em 2011 lan\u00e7ou seu segundo \u00e1lbum solo \u00abCon Cuerda Propia\u00bb pela Acqua Records 2011, Com \u00abLos Primos Gabino\u00bb gravaram um CD intitulado \u00abPuerto a Puerto\u00bb, juntos com a cantora portuguesa Beatriz Almeida, e posteriormente, juntamente com a cantora argentina Karina Beorlegui, gravaram o CD \u00abMa\u00f1ana Zarpa un Barco\u00bb (edi\u00e7\u00e3o Aqcua Records). Atualmente apresenta o seu novo \u00e1lbum a solo \u00abDonde Quiera Que Est\u00e9s\u00bb composto de trabalhos pr\u00f3prios, com fortes ra\u00edzes folcl\u00f3ricas, e world music, interpretadas com uma linguagem acad\u00eamica mas tamb\u00e9m com o recurso \u00e0 improvisa\u00e7\u00e3o. \u00c9 professor de Audio Percep\u00e7\u00e3o e Linguagem Musical no Conservat\u00f3rio Municipal de M\u00fasica Manuel de Falla.<\/p>\n<p>A partir de 19 de mar\u00e7o em: https:\/\/youtu.be\/V3y_XXNYVm0<\/p>\n","protected":false},"excerpt":{"rendered":"<p>O ano de 2020 imp\u00f4s uma pausa na humanidade. Muitas e muitos artistas encontraram a possibilidade de fazer m\u00fasica \u00e0 dist\u00e2ncia, usando meios tecnol\u00f3gicos. Surpreendentemente, isso ofereceu a possibilidade de compartilhar m\u00fasica e cultura com culturas de v\u00e1rios pa\u00edses do mundo. E para alegria de muitos, as dist\u00e2ncias foram apagadas. Mariana Torrealba de Venezuela no [&hellip;]<\/p>\n","protected":false},"author":1,"featured_media":15136,"comment_status":"closed","ping_status":"closed","sticky":false,"template":"","format":"standard","meta":{"footnotes":""},"categories":[218],"tags":[],"class_list":["post-15138","post","type-post","status-publish","format-standard","has-post-thumbnail","hentry","category-noticias-generales-pt"],"lang":"pt","translations":{"pt":15138,"es":15135},"pll_sync_post":[],"post_mailing_queue_ids":[],"_links":{"self":[{"href":"http:\/\/staging.ibermusicas.org\/index.php\/wp-json\/wp\/v2\/posts\/15138","targetHints":{"allow":["GET"]}}],"collection":[{"href":"http:\/\/staging.ibermusicas.org\/index.php\/wp-json\/wp\/v2\/posts"}],"about":[{"href":"http:\/\/staging.ibermusicas.org\/index.php\/wp-json\/wp\/v2\/types\/post"}],"author":[{"embeddable":true,"href":"http:\/\/staging.ibermusicas.org\/index.php\/wp-json\/wp\/v2\/users\/1"}],"replies":[{"embeddable":true,"href":"http:\/\/staging.ibermusicas.org\/index.php\/wp-json\/wp\/v2\/comments?post=15138"}],"version-history":[{"count":3,"href":"http:\/\/staging.ibermusicas.org\/index.php\/wp-json\/wp\/v2\/posts\/15138\/revisions"}],"predecessor-version":[{"id":15141,"href":"http:\/\/staging.ibermusicas.org\/index.php\/wp-json\/wp\/v2\/posts\/15138\/revisions\/15141"}],"wp:featuredmedia":[{"embeddable":true,"href":"http:\/\/staging.ibermusicas.org\/index.php\/wp-json\/wp\/v2\/media\/15136"}],"wp:attachment":[{"href":"http:\/\/staging.ibermusicas.org\/index.php\/wp-json\/wp\/v2\/media?parent=15138"}],"wp:term":[{"taxonomy":"category","embeddable":true,"href":"http:\/\/staging.ibermusicas.org\/index.php\/wp-json\/wp\/v2\/categories?post=15138"},{"taxonomy":"post_tag","embeddable":true,"href":"http:\/\/staging.ibermusicas.org\/index.php\/wp-json\/wp\/v2\/tags?post=15138"}],"curies":[{"name":"wp","href":"https:\/\/api.w.org\/{rel}","templated":true}]}}