{"id":15142,"date":"2023-04-03T11:29:04","date_gmt":"2023-04-03T11:29:04","guid":{"rendered":"http:\/\/staging.ibermusicas.org\/?p=15142"},"modified":"2023-05-02T17:46:38","modified_gmt":"2023-05-02T17:46:38","slug":"inician-las-actividades-2023-del-proyecto-alda-in-situ-de-la-asociacion-latinoamericana-del-arpa","status":"publish","type":"post","link":"http:\/\/staging.ibermusicas.org\/index.php\/inician-las-actividades-2023-del-proyecto-alda-in-situ-de-la-asociacion-latinoamericana-del-arpa\/","title":{"rendered":"Inician las actividades 2023 del Proyecto ALDA in Situ de la Asociaci\u00f3n Latinoamericana del Arpa"},"content":{"rendered":"<p>El proyecto ALDA in Situ lleva por primera vez las ideas y aportes de la Asociaci\u00f3n Latinoamericana del Arpa a tres pa\u00edses de la regi\u00f3n de modo presencial a lo largo del a\u00f1o 2023. Brasil, Colombia y M\u00e9xico se beneficiar\u00e1n de estas actividades dise\u00f1adas para apoyar el crecimiento del arpa en estos pa\u00edses, brindar desarrollo profesional a los arpistas locales, y nutrir la comunidad con nuevas ideas y conocimiento.<\/p>\n<p>&nbsp;<\/p>\n<p>ALDA in Situ, en M\u00e9xico, va a recibir al t\u00e9cnico de arpas catal\u00e1n Enric de Anciola para liderar la gira de mantenimiento de arpas,en la cual brindar\u00e1 servicio a las arpas de las siguientes ciudades mexicanas: Ciudad de M\u00e9xico, Monterrey, Guadalajara y Xalapa trabajando desde el 29 de marzo y hasta el 15 de abril.<\/p>\n<p>&nbsp;<\/p>\n<p>As\u00ed mismo, en cada ciudad se llevar\u00e1 a cabo un taller de mantenimiento para ense\u00f1ar a los arpistas a cuidar mejor sus instrumentos, hacer peque\u00f1os arreglos y poder sacar el m\u00e1ximo provecho a sus arpas, extendiendo su vida \u00fatil al m\u00e1ximo posible.<\/p>\n<p>&nbsp;<\/p>\n<p>Las actividades en Brasil y Colombia se desarrollar\u00e1n durante los meses de agosto y noviembre.<\/p>\n<p>&nbsp;<\/p>\n<p>Enric de Anciola es un vers\u00e1til t\u00e9cnico de reparaci\u00f3n y mantenimiento de arpas Catal\u00e1n, trabaj\u00f3 en la f\u00e1brica Camac Harps como T\u00e9cnico en jefe y responsable del departamento de servicios especiales. Desde 2019 se independiza y trabaja con las mejores orquestas y solistas de Europa en todo tipo de arpas.<\/p>\n<p>&nbsp;<\/p>\n<p>&nbsp;<\/p>\n<p>Desde el 29 de marzo al 15 de abril en Ciudad de M\u00e9xico, Monterrey, Guadalajara y Xalapa, M\u00e9xico<\/p>\n<p>Web: <a href=\"http:\/\/www.arpalatinoamerica.org\/\">www.arpalatinoamerica.org<\/a><\/p>\n<p>YouTube: <a href=\"http:\/\/www.youtube.com\/@ALDA\">www.youtube.com\/@ALDA<\/a><\/p>\n<p>Instagram: @arpa.latinoamerica<\/p>\n","protected":false},"excerpt":{"rendered":"<p>El proyecto ALDA in Situ lleva por primera vez las ideas y aportes de la Asociaci\u00f3n Latinoamericana del Arpa a tres pa\u00edses de la regi\u00f3n de modo presencial a lo largo del a\u00f1o 2023. Brasil, Colombia y M\u00e9xico se beneficiar\u00e1n de estas actividades dise\u00f1adas para apoyar el crecimiento del arpa en estos pa\u00edses, brindar desarrollo [&hellip;]<\/p>\n","protected":false},"author":1,"featured_media":15143,"comment_status":"closed","ping_status":"closed","sticky":false,"template":"","format":"standard","meta":{"footnotes":""},"categories":[53],"tags":[],"class_list":["post-15142","post","type-post","status-publish","format-standard","has-post-thumbnail","hentry","category-noticias-generales"],"lang":"es","translations":{"es":15142,"pt":15145},"pll_sync_post":[],"post_mailing_queue_ids":[],"_links":{"self":[{"href":"http:\/\/staging.ibermusicas.org\/index.php\/wp-json\/wp\/v2\/posts\/15142","targetHints":{"allow":["GET"]}}],"collection":[{"href":"http:\/\/staging.ibermusicas.org\/index.php\/wp-json\/wp\/v2\/posts"}],"about":[{"href":"http:\/\/staging.ibermusicas.org\/index.php\/wp-json\/wp\/v2\/types\/post"}],"author":[{"embeddable":true,"href":"http:\/\/staging.ibermusicas.org\/index.php\/wp-json\/wp\/v2\/users\/1"}],"replies":[{"embeddable":true,"href":"http:\/\/staging.ibermusicas.org\/index.php\/wp-json\/wp\/v2\/comments?post=15142"}],"version-history":[{"count":1,"href":"http:\/\/staging.ibermusicas.org\/index.php\/wp-json\/wp\/v2\/posts\/15142\/revisions"}],"predecessor-version":[{"id":15144,"href":"http:\/\/staging.ibermusicas.org\/index.php\/wp-json\/wp\/v2\/posts\/15142\/revisions\/15144"}],"wp:featuredmedia":[{"embeddable":true,"href":"http:\/\/staging.ibermusicas.org\/index.php\/wp-json\/wp\/v2\/media\/15143"}],"wp:attachment":[{"href":"http:\/\/staging.ibermusicas.org\/index.php\/wp-json\/wp\/v2\/media?parent=15142"}],"wp:term":[{"taxonomy":"category","embeddable":true,"href":"http:\/\/staging.ibermusicas.org\/index.php\/wp-json\/wp\/v2\/categories?post=15142"},{"taxonomy":"post_tag","embeddable":true,"href":"http:\/\/staging.ibermusicas.org\/index.php\/wp-json\/wp\/v2\/tags?post=15142"}],"curies":[{"name":"wp","href":"https:\/\/api.w.org\/{rel}","templated":true}]}}