{"id":15145,"date":"2023-04-03T11:33:42","date_gmt":"2023-04-03T11:33:42","guid":{"rendered":"http:\/\/staging.ibermusicas.org\/?p=15145"},"modified":"2023-05-02T17:49:35","modified_gmt":"2023-05-02T17:49:35","slug":"comecam-as-atividades-de-2023-do-projeto-alda-in-situ-da-associacao-latinoamericana-de-arpas","status":"publish","type":"post","link":"http:\/\/staging.ibermusicas.org\/index.php\/comecam-as-atividades-de-2023-do-projeto-alda-in-situ-da-associacao-latinoamericana-de-arpas\/","title":{"rendered":"Come\u00e7am as atividades de 2023 do Projeto ALDA in Situ da Associa\u00e7\u00e3o Latinoamericana de arpas"},"content":{"rendered":"<p>O projeto ALDA in Situ leva pela primeira vez as ideias e contribui\u00e7\u00f5es da Associa\u00e7\u00e3o Latino-Americana de arpas a tr\u00eas pa\u00edses da regi\u00e3o presencialmente ao longo do ano de 2023. Brasil, Col\u00f4mbia e M\u00e9xico se beneficiar\u00e3o dessas atividades destinadas a apoiar o crescimento da harpa nesses pa\u00edses, proporcionar desenvolvimento profissional aos harpistas locais e alimentar a comunidade com novas ideias e conhecimentos.<\/p>\n<p>&nbsp;<\/p>\n<p>ALDA in Situ, no M\u00e9xico, receber\u00e1 o t\u00e9cnico de harpas catal\u00e3o Enric de Anciola para liderar uma turn\u00ea de manuten\u00e7\u00e3o da harpa, que prestar\u00e1 servi\u00e7o a harpas nas seguintes cidades mexicanas: Cidade do M\u00e9xico, Monterrey, Guadalajara e Xalapa trabalhando de 29 de mar\u00e7o a 15 de abril.<\/p>\n<p>&nbsp;<\/p>\n<p>Da mesma forma, em cada cidade ser\u00e1 realizada uma oficina de manuten\u00e7\u00e3o para ensinar os harpistas a cuidar melhor de seus instrumentos, fazer pequenos reparos e conseguir tirar o m\u00e1ximo proveito de suas harpas, prolongando ao m\u00e1ximo sua vida \u00fatil.<\/p>\n<p>&nbsp;<\/p>\n<p>As atividades no Brasil e na Col\u00f4mbia acontecer\u00e3o durante os meses de agosto e novembro.<\/p>\n<p>&nbsp;<\/p>\n<p>Enric de Anciola \u00e9 um polivalente t\u00e9cnico catal\u00e3o de repara\u00e7\u00e3o e manuten\u00e7\u00e3o de harpas, trabalhou na f\u00e1brica Camac Harps como T\u00e9cnico Principal e chefe do departamento de servi\u00e7os especiais. Desde 2019 tornou-se independente e trabalha com as melhores orquestras e solistas da Europa em todos os tipos de arpas.<\/p>\n<p>&nbsp;<\/p>\n<p>De 29 de mar\u00e7o a 15 de abril na Cidade do M\u00e9xico, Monterrey, Guadalajara e Xalapa, M\u00e9xico<\/p>\n<p>Web: <a href=\"http:\/\/www.arpalatinoamerica.org\/\">www.arpalatinoamerica.org<\/a><\/p>\n<p>YouTube: <a href=\"http:\/\/www.youtube.com\/@ALDA\">www.youtube.com\/@ALDA<\/a><\/p>\n<p>Instagram: @arpa.latinoamerica<\/p>\n","protected":false},"excerpt":{"rendered":"<p>O projeto ALDA in Situ leva pela primeira vez as ideias e contribui\u00e7\u00f5es da Associa\u00e7\u00e3o Latino-Americana de arpas a tr\u00eas pa\u00edses da regi\u00e3o presencialmente ao longo do ano de 2023. Brasil, Col\u00f4mbia e M\u00e9xico se beneficiar\u00e3o dessas atividades destinadas a apoiar o crescimento da harpa nesses pa\u00edses, proporcionar desenvolvimento profissional aos harpistas locais e alimentar [&hellip;]<\/p>\n","protected":false},"author":1,"featured_media":15143,"comment_status":"closed","ping_status":"closed","sticky":false,"template":"","format":"standard","meta":{"footnotes":""},"categories":[218],"tags":[],"class_list":["post-15145","post","type-post","status-publish","format-standard","has-post-thumbnail","hentry","category-noticias-generales-pt"],"lang":"pt","translations":{"pt":15145,"es":15142},"pll_sync_post":[],"post_mailing_queue_ids":[],"_links":{"self":[{"href":"http:\/\/staging.ibermusicas.org\/index.php\/wp-json\/wp\/v2\/posts\/15145","targetHints":{"allow":["GET"]}}],"collection":[{"href":"http:\/\/staging.ibermusicas.org\/index.php\/wp-json\/wp\/v2\/posts"}],"about":[{"href":"http:\/\/staging.ibermusicas.org\/index.php\/wp-json\/wp\/v2\/types\/post"}],"author":[{"embeddable":true,"href":"http:\/\/staging.ibermusicas.org\/index.php\/wp-json\/wp\/v2\/users\/1"}],"replies":[{"embeddable":true,"href":"http:\/\/staging.ibermusicas.org\/index.php\/wp-json\/wp\/v2\/comments?post=15145"}],"version-history":[{"count":1,"href":"http:\/\/staging.ibermusicas.org\/index.php\/wp-json\/wp\/v2\/posts\/15145\/revisions"}],"predecessor-version":[{"id":15146,"href":"http:\/\/staging.ibermusicas.org\/index.php\/wp-json\/wp\/v2\/posts\/15145\/revisions\/15146"}],"wp:featuredmedia":[{"embeddable":true,"href":"http:\/\/staging.ibermusicas.org\/index.php\/wp-json\/wp\/v2\/media\/15143"}],"wp:attachment":[{"href":"http:\/\/staging.ibermusicas.org\/index.php\/wp-json\/wp\/v2\/media?parent=15145"}],"wp:term":[{"taxonomy":"category","embeddable":true,"href":"http:\/\/staging.ibermusicas.org\/index.php\/wp-json\/wp\/v2\/categories?post=15145"},{"taxonomy":"post_tag","embeddable":true,"href":"http:\/\/staging.ibermusicas.org\/index.php\/wp-json\/wp\/v2\/tags?post=15145"}],"curies":[{"name":"wp","href":"https:\/\/api.w.org\/{rel}","templated":true}]}}