{"id":15152,"date":"2023-04-03T12:41:17","date_gmt":"2023-04-03T12:41:17","guid":{"rendered":"http:\/\/staging.ibermusicas.org\/?p=15152"},"modified":"2023-05-02T17:46:17","modified_gmt":"2023-05-02T17:46:17","slug":"samambaia-la-casa-de-conciertos-de-lisboa-dedicada-a-las-musicas-de-brasil-anuncia-su-programacion-del-mes-de-abril","status":"publish","type":"post","link":"http:\/\/staging.ibermusicas.org\/index.php\/samambaia-la-casa-de-conciertos-de-lisboa-dedicada-a-las-musicas-de-brasil-anuncia-su-programacion-del-mes-de-abril\/","title":{"rendered":"Samambaia, la casa de conciertos de Lisboa dedicada a las m\u00fasicas de Brasil, anuncia su programaci\u00f3n del mes de abril"},"content":{"rendered":"<p>Samambaia ha sido una de las iniciativas ganadoras del Premio Brasil Iberm\u00fasicas 2022. La casa de espect\u00e1culos Samambaia lleva dos a\u00f1os funcionando en Gra\u00e7a, un barrio bohemio de Lisboa, y se ha convertido en un punto de referencia y resistencia para la m\u00fasica brasile\u00f1a en Portugal. Samambaia surgi\u00f3 como una rara oportunidad de dar un escenario a los artistas brasile\u00f1os que viven en Portugal y, ahora, a los que pasan por Lisboa en sus giras europeas. Un lugar querido por los m\u00fasicos -que lo adoptaron desde el principio, promoviendo jam sessions memorables- y tambi\u00e9n por el p\u00fablico, que lo eligi\u00f3 como el mejor bar del a\u00f1o en los \u00abLove Local Awards\u00bb, promovidos por la revista Time Out.<\/p>\n<p>&nbsp;<\/p>\n<p>El concepto de Samambaia surgi\u00f3 de la percepci\u00f3n de las socias, Amanda Menezes y Andr\u00e9a Zamorano, de que Lisboa carec\u00eda de un lugar exclusivo para la m\u00fasica brasile\u00f1a alternativa y de calidad. Inaugurado en 2020, en plena pandemia, Samambaia naci\u00f3 con el prop\u00f3sito de dar escenario a artistas brasile\u00f1os, residentes en Portugal, a los que en aquel momento se les imped\u00eda viajar, as\u00ed como promover la cultura brasile\u00f1a m\u00e1s all\u00e1 de las fronteras.<\/p>\n<p>&nbsp;<\/p>\n<p>01 de abril, 20 hs. Neya Castro canta Clementina de Jesus<\/p>\n<p>07 de abril, 20 hs. Tributo a Tim Maia<\/p>\n<p>08 de abril, 20 hs. Sambafixe<\/p>\n<p>13 de abril, 20 hs. Mineragem, Tatiana Cobbet e Marcio Lima<\/p>\n<p>14 de abril, 20 hs. Forr\u00f3 do Piano<\/p>\n<p>15 de abril, 20 hs. Karla Da Silva<\/p>\n<p>21 de abril, 20 hs. Tributo a Chico Buarque<\/p>\n<p>22 de abril, 20 hs. N\u00eaga Jaci e Band\u00b4Ori<\/p>\n<p>23 de abril, 19 hs. Bernardo Lobo e Pablo Lapidusas<\/p>\n<p>26 de abril, 20 hs. Wanderley Monteiro<\/p>\n<p>27 de abril, 20 hs. Alma Thomas<\/p>\n<p>28 de abril, 20 hs. G-Combo<\/p>\n<p>29 de abril, 20 hs. Madame no samba<\/p>\n<p>&nbsp;<\/p>\n<p>Rua da Voz do Oper\u00e1rio, 13 Gra\u00e7a, Lisboa, Portugal<\/p>\n<p>reservas@samambaia.pt, Whatsapp +351914312355<\/p>\n<p><strong>\u00a0<\/strong><\/p>\n","protected":false},"excerpt":{"rendered":"<p>Samambaia ha sido una de las iniciativas ganadoras del Premio Brasil Iberm\u00fasicas 2022. La casa de espect\u00e1culos Samambaia lleva dos a\u00f1os funcionando en Gra\u00e7a, un barrio bohemio de Lisboa, y se ha convertido en un punto de referencia y resistencia para la m\u00fasica brasile\u00f1a en Portugal. Samambaia surgi\u00f3 como una rara oportunidad de dar un [&hellip;]<\/p>\n","protected":false},"author":1,"featured_media":15153,"comment_status":"closed","ping_status":"closed","sticky":false,"template":"","format":"standard","meta":{"footnotes":""},"categories":[53],"tags":[],"class_list":["post-15152","post","type-post","status-publish","format-standard","has-post-thumbnail","hentry","category-noticias-generales"],"lang":"es","translations":{"es":15152,"pt":15155},"pll_sync_post":[],"post_mailing_queue_ids":[],"_links":{"self":[{"href":"http:\/\/staging.ibermusicas.org\/index.php\/wp-json\/wp\/v2\/posts\/15152","targetHints":{"allow":["GET"]}}],"collection":[{"href":"http:\/\/staging.ibermusicas.org\/index.php\/wp-json\/wp\/v2\/posts"}],"about":[{"href":"http:\/\/staging.ibermusicas.org\/index.php\/wp-json\/wp\/v2\/types\/post"}],"author":[{"embeddable":true,"href":"http:\/\/staging.ibermusicas.org\/index.php\/wp-json\/wp\/v2\/users\/1"}],"replies":[{"embeddable":true,"href":"http:\/\/staging.ibermusicas.org\/index.php\/wp-json\/wp\/v2\/comments?post=15152"}],"version-history":[{"count":1,"href":"http:\/\/staging.ibermusicas.org\/index.php\/wp-json\/wp\/v2\/posts\/15152\/revisions"}],"predecessor-version":[{"id":15154,"href":"http:\/\/staging.ibermusicas.org\/index.php\/wp-json\/wp\/v2\/posts\/15152\/revisions\/15154"}],"wp:featuredmedia":[{"embeddable":true,"href":"http:\/\/staging.ibermusicas.org\/index.php\/wp-json\/wp\/v2\/media\/15153"}],"wp:attachment":[{"href":"http:\/\/staging.ibermusicas.org\/index.php\/wp-json\/wp\/v2\/media?parent=15152"}],"wp:term":[{"taxonomy":"category","embeddable":true,"href":"http:\/\/staging.ibermusicas.org\/index.php\/wp-json\/wp\/v2\/categories?post=15152"},{"taxonomy":"post_tag","embeddable":true,"href":"http:\/\/staging.ibermusicas.org\/index.php\/wp-json\/wp\/v2\/tags?post=15152"}],"curies":[{"name":"wp","href":"https:\/\/api.w.org\/{rel}","templated":true}]}}