{"id":15155,"date":"2023-04-03T12:46:04","date_gmt":"2023-04-03T12:46:04","guid":{"rendered":"http:\/\/staging.ibermusicas.org\/?p=15155"},"modified":"2023-05-02T17:49:11","modified_gmt":"2023-05-02T17:49:11","slug":"samambaia-a-casa-de-shows-de-lisboa-dedicada-a-musica-do-brasil-anuncia-seu-programa-para-abril","status":"publish","type":"post","link":"http:\/\/staging.ibermusicas.org\/index.php\/samambaia-a-casa-de-shows-de-lisboa-dedicada-a-musica-do-brasil-anuncia-seu-programa-para-abril\/","title":{"rendered":"Samambaia, a casa de shows de Lisboa dedicada \u00e0 m\u00fasica do Brasil, anuncia seu programa para abril"},"content":{"rendered":"<p>Samambaia tem sido uma das iniciativas vencedoras do Pr\u00eamio Brasil Iberm\u00fasicas 2022. A casa de shows Samambaia funciona h\u00e1 dois anos, na Gra\u00e7a, bairro bo\u00eamio de Lisboa, tendo se tornado um ponto de refer\u00eancia e resist\u00eancia da m\u00fasica brasileira em Portugal. O Samambaia surgiu como uma oportunidade rara de dar palco aos artistas brasileiros residentes em Portugal e agora aos que passam por Lisboa em turn\u00eas pela Europa. Local querido pelos m\u00fasicos &#8211; que o adotaram desde a primeira hora, promovendo jam sessions j\u00e1 memor\u00e1veis &#8211; e tamb\u00e9m do p\u00fablico, que o elegeu como melhor bar do ano no concurso \u201cLove Local Awards\u201d promovido pela revista Time Out.<\/p>\n<p>&nbsp;<\/p>\n<p>O conceito do Samambaia surgiu da percep\u00e7\u00e3o das s\u00f3cias, Amanda Menezes e Andr\u00e9a Zamorano, de que faltava um espa\u00e7o exclusivo para a m\u00fasica brasileira alternativa e de qualidade em Lisboa. Aberto em 2020, em plena pandemia, o Samambaia nasceu com o prop\u00f3sito de dar palco aos artistas brasileiros, residentes em Portugal, que naquele momento estavam impedidos de viajar, bem como de promover a cultura brasileira al\u00e9m fronteiras.<\/p>\n<p>&nbsp;<\/p>\n<p>&nbsp;<\/p>\n<p>01 de abril, 20 hs. Neya Castro canta Clementina de Jesus<\/p>\n<p>07 de abril, 20 hs. Tributo a Tim Maia<\/p>\n<p>08 de abril, 20 hs. Sambafixe<\/p>\n<p>13 de abril, 20 hs. Mineragem, Tatiana Cobbet e Marcio Lima<\/p>\n<p>14 de abril, 20 hs. Forr\u00f3 do Piano<\/p>\n<p>15 de abril, 20 hs. Karla Da Silva<\/p>\n<p>21 de abril, 20 hs. Tributo a Chico Buarque<\/p>\n<p>22 de abril, 20 hs. N\u00eaga Jaci e Band\u00b4Ori<\/p>\n<p>23 de abril, 19 hs. Bernardo Lobo e Pablo Lapidusas<\/p>\n<p>26 de abril, 20 hs. Wanderley Monteiro<\/p>\n<p>27 de abril, 20 hs. Alma Thomas<\/p>\n<p>28 de abril, 20 hs. G-Combo<\/p>\n<p>29 de abril, 20 hs. Madame no samba<\/p>\n<p>&nbsp;<\/p>\n<p>Rua da Voz do Oper\u00e1rio, 13 Gra\u00e7a, Lisboa, Portugal<\/p>\n<p>reservas@samambaia.pt, Whatsapp +351914312355<\/p>\n","protected":false},"excerpt":{"rendered":"<p>Samambaia tem sido uma das iniciativas vencedoras do Pr\u00eamio Brasil Iberm\u00fasicas 2022. A casa de shows Samambaia funciona h\u00e1 dois anos, na Gra\u00e7a, bairro bo\u00eamio de Lisboa, tendo se tornado um ponto de refer\u00eancia e resist\u00eancia da m\u00fasica brasileira em Portugal. O Samambaia surgiu como uma oportunidade rara de dar palco aos artistas brasileiros residentes [&hellip;]<\/p>\n","protected":false},"author":1,"featured_media":15153,"comment_status":"closed","ping_status":"closed","sticky":false,"template":"","format":"standard","meta":{"footnotes":""},"categories":[218],"tags":[],"class_list":["post-15155","post","type-post","status-publish","format-standard","has-post-thumbnail","hentry","category-noticias-generales-pt"],"lang":"pt","translations":{"pt":15155,"es":15152},"pll_sync_post":[],"post_mailing_queue_ids":[],"_links":{"self":[{"href":"http:\/\/staging.ibermusicas.org\/index.php\/wp-json\/wp\/v2\/posts\/15155","targetHints":{"allow":["GET"]}}],"collection":[{"href":"http:\/\/staging.ibermusicas.org\/index.php\/wp-json\/wp\/v2\/posts"}],"about":[{"href":"http:\/\/staging.ibermusicas.org\/index.php\/wp-json\/wp\/v2\/types\/post"}],"author":[{"embeddable":true,"href":"http:\/\/staging.ibermusicas.org\/index.php\/wp-json\/wp\/v2\/users\/1"}],"replies":[{"embeddable":true,"href":"http:\/\/staging.ibermusicas.org\/index.php\/wp-json\/wp\/v2\/comments?post=15155"}],"version-history":[{"count":1,"href":"http:\/\/staging.ibermusicas.org\/index.php\/wp-json\/wp\/v2\/posts\/15155\/revisions"}],"predecessor-version":[{"id":15156,"href":"http:\/\/staging.ibermusicas.org\/index.php\/wp-json\/wp\/v2\/posts\/15155\/revisions\/15156"}],"wp:featuredmedia":[{"embeddable":true,"href":"http:\/\/staging.ibermusicas.org\/index.php\/wp-json\/wp\/v2\/media\/15153"}],"wp:attachment":[{"href":"http:\/\/staging.ibermusicas.org\/index.php\/wp-json\/wp\/v2\/media?parent=15155"}],"wp:term":[{"taxonomy":"category","embeddable":true,"href":"http:\/\/staging.ibermusicas.org\/index.php\/wp-json\/wp\/v2\/categories?post=15155"},{"taxonomy":"post_tag","embeddable":true,"href":"http:\/\/staging.ibermusicas.org\/index.php\/wp-json\/wp\/v2\/tags?post=15155"}],"curies":[{"name":"wp","href":"https:\/\/api.w.org\/{rel}","templated":true}]}}