{"id":15160,"date":"2023-04-03T12:50:04","date_gmt":"2023-04-03T12:50:04","guid":{"rendered":"http:\/\/staging.ibermusicas.org\/?p=15160"},"modified":"2023-05-02T17:49:04","modified_gmt":"2023-05-02T17:49:04","slug":"em-parceria-entre-panama-e-brasil-o-projeto-afrolab-lanca-single-com-the-beachers-e-idania-dowman","status":"publish","type":"post","link":"http:\/\/staging.ibermusicas.org\/index.php\/em-parceria-entre-panama-e-brasil-o-projeto-afrolab-lanca-single-com-the-beachers-e-idania-dowman\/","title":{"rendered":"Em parceria entre Panam\u00e1 e Brasil, o Projeto Afrolab lan\u00e7a single com The Beachers e Idania Dowman"},"content":{"rendered":"<p>Afrolab \u00e9 uma iniciativa de colabora\u00e7\u00e3o musical bilateral entre m\u00fasicos de diferentes nacionalidades criada pela equipe do Folk Lab Studio para celebrar a incalcul\u00e1vel contribui\u00e7\u00e3o afro-descendente \u00e0 m\u00fasica popular. O projeto consiste na co-produ\u00e7\u00e3o de singles com um som afro-americano entre artistas da regi\u00e3o Ibero-Americana. Esta primeira co-produ\u00e7\u00e3o Panam\u00e1-Brasil ser\u00e1 realizada pelo produtor panamenho Billy Herron do Folk Lab Studio junto com Kassin, um renomado produtor brasileiro e ganhador do Grammy Award. O projeto ser\u00e1 executado remotamente, com sess\u00f5es de produ\u00e7\u00e3o e grava\u00e7\u00e3o realizadas tanto no Panam\u00e1 como no Rio de Janeiro.<\/p>\n<p>&nbsp;<\/p>\n<p>Nesta primeira parcela, os principais artistas s\u00e3o The Beachers e Idania Dowman. The Beachers \u00e9 um grupo emblem\u00e1tico da prov\u00edncia de Bocas del Toro no Caribe panamenho, com mais de 50 anos de carreira art\u00edstica. Idania Dowman \u00e9 uma artista e cantora panamenha, conhecida como La Dama Del Jazz, que promove a cultura e as tradi\u00e7\u00f5es afro-descendentes no Panam\u00e1 e no Caribe.<\/p>\n<p>&nbsp;<\/p>\n<p>&nbsp;<\/p>\n<p>Os Beachers e a dama do jazz Idania Dowman se juntam e apresentam uma vers\u00e3o caribenha do cl\u00e1ssico do jazz \u00abWhat A Wonderful World\u00bb. Este famoso sucesso foi originalmente composto por George Weiss e Robert Thiele e imortalizado por Louis Armstrong no final dos anos sessenta e in\u00edcio dos anos setenta com a inten\u00e7\u00e3o de transmitir paz nos tempos turbulentos daquelas d\u00e9cadas.<\/p>\n<p>&nbsp;<\/p>\n<p><em>\u00abFizemos uma nova vers\u00e3o em nosso pr\u00f3prio estilo para preservar um legado musical e cultural, e tamb\u00e9m queremos lembrar \u00e0s pessoas nestes tempos dif\u00edceis que \u00e9 poss\u00edvel desfrutar das pequenas coisas que a vida nos d\u00e1\u201d.<\/em><\/p>\n<p>&nbsp;<\/p>\n<p>&nbsp;<\/p>\n<p>A partir de 8 de abril em todas as plataformas<\/p>\n","protected":false},"excerpt":{"rendered":"<p>Afrolab \u00e9 uma iniciativa de colabora\u00e7\u00e3o musical bilateral entre m\u00fasicos de diferentes nacionalidades criada pela equipe do Folk Lab Studio para celebrar a incalcul\u00e1vel contribui\u00e7\u00e3o afro-descendente \u00e0 m\u00fasica popular. O projeto consiste na co-produ\u00e7\u00e3o de singles com um som afro-americano entre artistas da regi\u00e3o Ibero-Americana. Esta primeira co-produ\u00e7\u00e3o Panam\u00e1-Brasil ser\u00e1 realizada pelo produtor panamenho Billy [&hellip;]<\/p>\n","protected":false},"author":1,"featured_media":15167,"comment_status":"closed","ping_status":"closed","sticky":false,"template":"","format":"standard","meta":{"footnotes":""},"categories":[218],"tags":[],"class_list":["post-15160","post","type-post","status-publish","format-standard","has-post-thumbnail","hentry","category-noticias-generales-pt"],"lang":"pt","translations":{"pt":15160,"es":15157},"pll_sync_post":[],"post_mailing_queue_ids":[],"_links":{"self":[{"href":"http:\/\/staging.ibermusicas.org\/index.php\/wp-json\/wp\/v2\/posts\/15160","targetHints":{"allow":["GET"]}}],"collection":[{"href":"http:\/\/staging.ibermusicas.org\/index.php\/wp-json\/wp\/v2\/posts"}],"about":[{"href":"http:\/\/staging.ibermusicas.org\/index.php\/wp-json\/wp\/v2\/types\/post"}],"author":[{"embeddable":true,"href":"http:\/\/staging.ibermusicas.org\/index.php\/wp-json\/wp\/v2\/users\/1"}],"replies":[{"embeddable":true,"href":"http:\/\/staging.ibermusicas.org\/index.php\/wp-json\/wp\/v2\/comments?post=15160"}],"version-history":[{"count":1,"href":"http:\/\/staging.ibermusicas.org\/index.php\/wp-json\/wp\/v2\/posts\/15160\/revisions"}],"predecessor-version":[{"id":15161,"href":"http:\/\/staging.ibermusicas.org\/index.php\/wp-json\/wp\/v2\/posts\/15160\/revisions\/15161"}],"wp:featuredmedia":[{"embeddable":true,"href":"http:\/\/staging.ibermusicas.org\/index.php\/wp-json\/wp\/v2\/media\/15167"}],"wp:attachment":[{"href":"http:\/\/staging.ibermusicas.org\/index.php\/wp-json\/wp\/v2\/media?parent=15160"}],"wp:term":[{"taxonomy":"category","embeddable":true,"href":"http:\/\/staging.ibermusicas.org\/index.php\/wp-json\/wp\/v2\/categories?post=15160"},{"taxonomy":"post_tag","embeddable":true,"href":"http:\/\/staging.ibermusicas.org\/index.php\/wp-json\/wp\/v2\/tags?post=15160"}],"curies":[{"name":"wp","href":"https:\/\/api.w.org\/{rel}","templated":true}]}}