{"id":15162,"date":"2023-04-03T13:39:54","date_gmt":"2023-04-03T13:39:54","guid":{"rendered":"http:\/\/staging.ibermusicas.org\/?p=15162"},"modified":"2023-04-12T20:52:06","modified_gmt":"2023-04-12T20:52:06","slug":"desde-peru-llega-el-iii-encuentro-de-warmi-sikuris-y-warmi-lakitas-de-latinoamerica","status":"publish","type":"post","link":"http:\/\/staging.ibermusicas.org\/index.php\/desde-peru-llega-el-iii-encuentro-de-warmi-sikuris-y-warmi-lakitas-de-latinoamerica\/","title":{"rendered":"Desde Per\u00fa llega el III Encuentro de Warmi Sikuris y Warmi Lakitas de Latinoam\u00e9rica"},"content":{"rendered":"<p>El III Encuentro de Warmi Sikuris y Warmi Lakitas de Latinoam\u00e9rica se dar\u00e1 en modalidad virtual y reunir\u00e1 a m\u00e1s de diez comunidades de Warmis Sikuris y Warmis Lakitas.<\/p>\n<p>&nbsp;<\/p>\n<p>Ser\u00e1 una experiencia para sumergirse en el mundo de este hermoso arte ancestral y trenzar melod\u00edas. Es un taller dirigido a mujeres que est\u00e1n iniciando su aprendizaje en Sikuri. No se requiere experiencia previa. El taller ser\u00e1 dictado por las Warmis Sikuris Nathaly Gonzales y Lucero Condori Rivera.<\/p>\n<p><em>\u00a0<\/em><\/p>\n<p>Inscripci\u00f3n en: <a href=\"https:\/\/bit.ly\/TallerWarmisikurisVirtual\">https:\/\/bit.ly\/TallerWarmisikurisVirtual<\/a><\/p>\n<p>Inicio: s\u00e1bado 8 de Abril, 16:00 hs. (hora de Per\u00fa).<\/p>\n<p>&nbsp;<\/p>\n<p>15 y 16 de abril, III Encuentro<\/p>\n<p>&nbsp;<\/p>\n","protected":false},"excerpt":{"rendered":"<p>El III Encuentro de Warmi Sikuris y Warmi Lakitas de Latinoam\u00e9rica se dar\u00e1 en modalidad virtual y reunir\u00e1 a m\u00e1s de diez comunidades de Warmis Sikuris y Warmis Lakitas. &nbsp; Ser\u00e1 una experiencia para sumergirse en el mundo de este hermoso arte ancestral y trenzar melod\u00edas. Es un taller dirigido a mujeres que est\u00e1n iniciando [&hellip;]<\/p>\n","protected":false},"author":1,"featured_media":15158,"comment_status":"closed","ping_status":"closed","sticky":false,"template":"","format":"standard","meta":{"footnotes":""},"categories":[53],"tags":[],"class_list":["post-15162","post","type-post","status-publish","format-standard","has-post-thumbnail","hentry","category-noticias-generales"],"lang":"es","translations":{"es":15162,"pt":15164},"pll_sync_post":[],"post_mailing_queue_ids":[],"_links":{"self":[{"href":"http:\/\/staging.ibermusicas.org\/index.php\/wp-json\/wp\/v2\/posts\/15162","targetHints":{"allow":["GET"]}}],"collection":[{"href":"http:\/\/staging.ibermusicas.org\/index.php\/wp-json\/wp\/v2\/posts"}],"about":[{"href":"http:\/\/staging.ibermusicas.org\/index.php\/wp-json\/wp\/v2\/types\/post"}],"author":[{"embeddable":true,"href":"http:\/\/staging.ibermusicas.org\/index.php\/wp-json\/wp\/v2\/users\/1"}],"replies":[{"embeddable":true,"href":"http:\/\/staging.ibermusicas.org\/index.php\/wp-json\/wp\/v2\/comments?post=15162"}],"version-history":[{"count":1,"href":"http:\/\/staging.ibermusicas.org\/index.php\/wp-json\/wp\/v2\/posts\/15162\/revisions"}],"predecessor-version":[{"id":15163,"href":"http:\/\/staging.ibermusicas.org\/index.php\/wp-json\/wp\/v2\/posts\/15162\/revisions\/15163"}],"wp:featuredmedia":[{"embeddable":true,"href":"http:\/\/staging.ibermusicas.org\/index.php\/wp-json\/wp\/v2\/media\/15158"}],"wp:attachment":[{"href":"http:\/\/staging.ibermusicas.org\/index.php\/wp-json\/wp\/v2\/media?parent=15162"}],"wp:term":[{"taxonomy":"category","embeddable":true,"href":"http:\/\/staging.ibermusicas.org\/index.php\/wp-json\/wp\/v2\/categories?post=15162"},{"taxonomy":"post_tag","embeddable":true,"href":"http:\/\/staging.ibermusicas.org\/index.php\/wp-json\/wp\/v2\/tags?post=15162"}],"curies":[{"name":"wp","href":"https:\/\/api.w.org\/{rel}","templated":true}]}}