{"id":15164,"date":"2023-04-03T13:44:31","date_gmt":"2023-04-03T13:44:31","guid":{"rendered":"http:\/\/staging.ibermusicas.org\/?p=15164"},"modified":"2023-04-12T20:51:45","modified_gmt":"2023-04-12T20:51:45","slug":"do-peru-vem-o-iii-encontro-de-warmi-sikuris-e-warmi-lakitas-da-latinoamerica","status":"publish","type":"post","link":"http:\/\/staging.ibermusicas.org\/index.php\/do-peru-vem-o-iii-encontro-de-warmi-sikuris-e-warmi-lakitas-da-latinoamerica\/","title":{"rendered":"Do Per\u00fa vem o III Encontro de Warmi Sikuris e Warmi Lakitas da Latinoam\u00e9rica"},"content":{"rendered":"<p>O III Encontro de Warmi Sikuris e Warmi Lakitas da Latinoam\u00e9rica acontecer\u00e1 de forma virtual e reunir\u00e1 mais de dez comunidades de Warmis Sikuris e Warmis Lakitas.<\/p>\n<p>&nbsp;<\/p>\n<p>Ser\u00e1 uma experi\u00eancia mergulhar no mundo desta bela arte ancestral e tran\u00e7ar melodias. \u00c9 uma oficina voltada para mulheres que est\u00e3o iniciando seu aprendizado em Sikuri. N\u00e3o \u00e9 necess\u00e1ria experi\u00eancia anterior. A oficina ser\u00e1 ditada pelas Warmis Sikuris Nathaly Gonzales e Lucero Condori Rivera.<\/p>\n<p>Registro em: <a href=\"https:\/\/bit.ly\/TallerWarmisikurisVirtual\">https:\/\/bit.ly\/TallerWarmisikurisVirtual<\/a><\/p>\n<p>In\u00edcio: s\u00e1bado, 8 de abril, \u00e0s 16h. (hor\u00e1rio do Per\u00fa)<\/p>\n<p>15 e 16 de abril, III Encontro<\/p>\n","protected":false},"excerpt":{"rendered":"<p>O III Encontro de Warmi Sikuris e Warmi Lakitas da Latinoam\u00e9rica acontecer\u00e1 de forma virtual e reunir\u00e1 mais de dez comunidades de Warmis Sikuris e Warmis Lakitas. &nbsp; Ser\u00e1 uma experi\u00eancia mergulhar no mundo desta bela arte ancestral e tran\u00e7ar melodias. \u00c9 uma oficina voltada para mulheres que est\u00e3o iniciando seu aprendizado em Sikuri. N\u00e3o [&hellip;]<\/p>\n","protected":false},"author":1,"featured_media":15158,"comment_status":"closed","ping_status":"closed","sticky":false,"template":"","format":"standard","meta":{"footnotes":""},"categories":[218],"tags":[],"class_list":["post-15164","post","type-post","status-publish","format-standard","has-post-thumbnail","hentry","category-noticias-generales-pt"],"lang":"pt","translations":{"pt":15164,"es":15162},"pll_sync_post":[],"post_mailing_queue_ids":[],"_links":{"self":[{"href":"http:\/\/staging.ibermusicas.org\/index.php\/wp-json\/wp\/v2\/posts\/15164","targetHints":{"allow":["GET"]}}],"collection":[{"href":"http:\/\/staging.ibermusicas.org\/index.php\/wp-json\/wp\/v2\/posts"}],"about":[{"href":"http:\/\/staging.ibermusicas.org\/index.php\/wp-json\/wp\/v2\/types\/post"}],"author":[{"embeddable":true,"href":"http:\/\/staging.ibermusicas.org\/index.php\/wp-json\/wp\/v2\/users\/1"}],"replies":[{"embeddable":true,"href":"http:\/\/staging.ibermusicas.org\/index.php\/wp-json\/wp\/v2\/comments?post=15164"}],"version-history":[{"count":1,"href":"http:\/\/staging.ibermusicas.org\/index.php\/wp-json\/wp\/v2\/posts\/15164\/revisions"}],"predecessor-version":[{"id":15165,"href":"http:\/\/staging.ibermusicas.org\/index.php\/wp-json\/wp\/v2\/posts\/15164\/revisions\/15165"}],"wp:featuredmedia":[{"embeddable":true,"href":"http:\/\/staging.ibermusicas.org\/index.php\/wp-json\/wp\/v2\/media\/15158"}],"wp:attachment":[{"href":"http:\/\/staging.ibermusicas.org\/index.php\/wp-json\/wp\/v2\/media?parent=15164"}],"wp:term":[{"taxonomy":"category","embeddable":true,"href":"http:\/\/staging.ibermusicas.org\/index.php\/wp-json\/wp\/v2\/categories?post=15164"},{"taxonomy":"post_tag","embeddable":true,"href":"http:\/\/staging.ibermusicas.org\/index.php\/wp-json\/wp\/v2\/tags?post=15164"}],"curies":[{"name":"wp","href":"https:\/\/api.w.org\/{rel}","templated":true}]}}