{"id":15168,"date":"2023-04-03T17:06:00","date_gmt":"2023-04-03T17:06:00","guid":{"rendered":"http:\/\/staging.ibermusicas.org\/?p=15168"},"modified":"2023-05-02T17:46:05","modified_gmt":"2023-05-02T17:46:05","slug":"comienza-la-edicion-2023-de-la-muestra-internacional-de-musica-electroacustica-muslab-en-argentina","status":"publish","type":"post","link":"http:\/\/staging.ibermusicas.org\/index.php\/comienza-la-edicion-2023-de-la-muestra-internacional-de-musica-electroacustica-muslab-en-argentina\/","title":{"rendered":"Comienza la edici\u00f3n 2023 de la Muestra Internacional de M\u00fasica Electroac\u00fastica\u00a0 \u201cMUSLAB\u201d en Argentina"},"content":{"rendered":"<p>MUSLAB es una Muestra Internacional de M\u00fasica Electroac\u00fastica que tiene el objetivo de reunir\u00a0 y difundir la creaci\u00f3n y exploraci\u00f3n sonora de artistas de diferentes pa\u00edses del mundo e impulsar el proceso creativo tomando la creaci\u00f3n art\u00edstica como punto de encuentro multidisciplinario y de comunicaci\u00f3n entre artistas.<\/p>\n<p>Procura dar acceso a los artistas a nuevos foros de representaci\u00f3n y crear una red de comunicaci\u00f3n internacional por medio del desarrollo de diferentes actividades culturales, formaciones multidisciplinarias en nuevas tecnolog\u00edas y conciertos de arte sonoro para acercar a nuevos p\u00fablicos a la creaci\u00f3n contempor\u00e1nea, as\u00ed como fomentar a trav\u00e9s del arte el respeto a la diversidad de las expresiones culturales y los valores de la convivencia.<\/p>\n<p>La Muestra, se acompa\u00f1a de una serie de talleres, formaciones y conferencias\u00a0 inter-disciplinarias impartidas a varios niveles,\u00a0 y a trav\u00e9s del enfoque de formaci\u00f3n por competencias, impulsado por UNESCO.<\/p>\n<p>MUSLAB fue creado en 2014 por, Asociaci\u00f3n CaminArt, desde entonces, la muestra se realiza en colaboraci\u00f3n con y 36 instituciones culturales en M\u00e9xico, Argentina,\u00a0 Brasil, Per\u00fa, Portugal, Espa\u00f1a, Inglaterra y Francia, lo que ha posicionado a MUSLAB como una plataforma Iberoamericana de cultura desde 2017.<\/p>\n<p><strong>\u00a0<\/strong><\/p>\n<ul>\n<li>08 de abril, 19:00 hs. Concierto en Museo F\u00e9lix de Amador, 9 de julio 863, Ciudad de Luj\u00e1n, Provincia de Buenos Aires, Argentina<\/li>\n<li>12 de abril, 19:00 hs. Conferencia en CONSUDEC, Esmeralda 79, Ciudad de Buenos Aires, Argentina<\/li>\n<li>13 de abril, 19:00 hs. Concierto en CONSUDEC, Esmeralda 79, Ciudad de Buenos Aires, Argentina<\/li>\n<li>14 de abril, 19:00 hs. Conferencia en CONSUDEC, Esmeralda 79, Ciudad de Buenos Aires, Argentina<\/li>\n<li>19 de abril, 19:00 hs. Concierto en Teatro de la Rancher\u00eda, M\u00e9xico 1152, Ciudad de Buenos Aires, Argentina<\/li>\n<li>20 de abril, 19:00 hs. Concierto en Centro Cultural Recoleta, Jun\u00edn 930, Ciudad de Buenos Aires, Argentina<\/li>\n<\/ul>\n","protected":false},"excerpt":{"rendered":"<p>MUSLAB es una Muestra Internacional de M\u00fasica Electroac\u00fastica que tiene el objetivo de reunir\u00a0 y difundir la creaci\u00f3n y exploraci\u00f3n sonora de artistas de diferentes pa\u00edses del mundo e impulsar el proceso creativo tomando la creaci\u00f3n art\u00edstica como punto de encuentro multidisciplinario y de comunicaci\u00f3n entre artistas. Procura dar acceso a los artistas a nuevos [&hellip;]<\/p>\n","protected":false},"author":1,"featured_media":15169,"comment_status":"closed","ping_status":"closed","sticky":false,"template":"","format":"standard","meta":{"footnotes":""},"categories":[53],"tags":[],"class_list":["post-15168","post","type-post","status-publish","format-standard","has-post-thumbnail","hentry","category-noticias-generales"],"lang":"es","translations":{"es":15168,"pt":15171},"pll_sync_post":[],"post_mailing_queue_ids":[],"_links":{"self":[{"href":"http:\/\/staging.ibermusicas.org\/index.php\/wp-json\/wp\/v2\/posts\/15168","targetHints":{"allow":["GET"]}}],"collection":[{"href":"http:\/\/staging.ibermusicas.org\/index.php\/wp-json\/wp\/v2\/posts"}],"about":[{"href":"http:\/\/staging.ibermusicas.org\/index.php\/wp-json\/wp\/v2\/types\/post"}],"author":[{"embeddable":true,"href":"http:\/\/staging.ibermusicas.org\/index.php\/wp-json\/wp\/v2\/users\/1"}],"replies":[{"embeddable":true,"href":"http:\/\/staging.ibermusicas.org\/index.php\/wp-json\/wp\/v2\/comments?post=15168"}],"version-history":[{"count":1,"href":"http:\/\/staging.ibermusicas.org\/index.php\/wp-json\/wp\/v2\/posts\/15168\/revisions"}],"predecessor-version":[{"id":15170,"href":"http:\/\/staging.ibermusicas.org\/index.php\/wp-json\/wp\/v2\/posts\/15168\/revisions\/15170"}],"wp:featuredmedia":[{"embeddable":true,"href":"http:\/\/staging.ibermusicas.org\/index.php\/wp-json\/wp\/v2\/media\/15169"}],"wp:attachment":[{"href":"http:\/\/staging.ibermusicas.org\/index.php\/wp-json\/wp\/v2\/media?parent=15168"}],"wp:term":[{"taxonomy":"category","embeddable":true,"href":"http:\/\/staging.ibermusicas.org\/index.php\/wp-json\/wp\/v2\/categories?post=15168"},{"taxonomy":"post_tag","embeddable":true,"href":"http:\/\/staging.ibermusicas.org\/index.php\/wp-json\/wp\/v2\/tags?post=15168"}],"curies":[{"name":"wp","href":"https:\/\/api.w.org\/{rel}","templated":true}]}}