{"id":15171,"date":"2023-04-03T17:07:42","date_gmt":"2023-04-03T17:07:42","guid":{"rendered":"http:\/\/staging.ibermusicas.org\/?p=15171"},"modified":"2023-05-02T17:48:59","modified_gmt":"2023-05-02T17:48:59","slug":"comeca-na-argentina-a-edicao-2023-da-mostra-internacional-de-musica-eletroacustica-muslab","status":"publish","type":"post","link":"http:\/\/staging.ibermusicas.org\/index.php\/comeca-na-argentina-a-edicao-2023-da-mostra-internacional-de-musica-eletroacustica-muslab\/","title":{"rendered":"Come\u00e7a na Argentina a edi\u00e7\u00e3o 2023 da Mostra Internacional de M\u00fasica Eletroac\u00fastica \u00abMUSLAB\u00bb"},"content":{"rendered":"<p>A MUSLAB \u00e9 uma Mostra Internacional de M\u00fasica Eletroac\u00fastica que visa reunir e divulgar a cria\u00e7\u00e3o e explora\u00e7\u00e3o sonora de artistas de diferentes pa\u00edses do mundo e promover o processo criativo levando-o para a arte cria\u00e7\u00e3o como ponto de encontro multidisciplinar e de comunica\u00e7\u00e3o entre artistas.<\/p>\n<p>&nbsp;<\/p>\n<p>Procura dar aos artistas acesso a novos f\u00f3runs de representa\u00e7\u00e3o e criar uma rede de comunica\u00e7\u00e3o internacional atrav\u00e9s do desenvolvimento de diferentes atividades culturais, forma\u00e7\u00e3o multidisciplinar em novas tecnologias e concertos de arte sonora para aproximar novos p\u00fablicos \u00e0 cria\u00e7\u00e3o contempor\u00e2nea, bem como promover atrav\u00e9s da arte o respeito pela diversidade das express\u00f5es culturais e pelos valores da conviv\u00eancia.<\/p>\n<p>&nbsp;<\/p>\n<p>A Exposi\u00e7\u00e3o \u00e9 acompanhada por um conjunto de workshops, forma\u00e7\u00f5es e confer\u00eancias interdisciplinares ministradas a v\u00e1rios n\u00edveis, e atrav\u00e9s da abordagem de forma\u00e7\u00e3o baseada em compet\u00eancias, promovida pela UNESCO<\/p>\n<p>&nbsp;<\/p>\n<p>&nbsp;<\/p>\n<p>MUSLAB foi criado em 2014 pela Asociaci\u00f3n CaminArt, desde ent\u00e3o, a exposi\u00e7\u00e3o foi realizada em colabora\u00e7\u00e3o com e 36 institui\u00e7\u00f5es culturais no M\u00e9xico, Argentina, Brasil, Peru, Portugal, Espanha, Inglaterra e Fran\u00e7a, que posicionou MUSLAB como uma plataforma ibero-americana cultura desde 2017<\/p>\n<p>&nbsp;<\/p>\n<ul>\n<li>8 de abril, 19h00 Concerto no Museu F\u00e9lix de Amador, 9 de julho de 863, Cidade de Luj\u00e1n, Prov\u00edncia de Buenos Aires, Argentina<\/li>\n<li>12 de abril, 19h00 Confer\u00eancia na CONSUDEC, Esmeralda 79, Cidade de Buenos Aires, Argentina<\/li>\n<li>13 de abril, 19h00 Concerto no CONSUDEC, Esmeralda 79, Cidade de Buenos Aires, Argentina<\/li>\n<li>14 de abril, 19h00 Confer\u00eancia na CONSUDEC, Esmeralda 79, Cidade de Buenos Aires, Argentina<\/li>\n<li>19 de abril, 19h00 Concerto no Teatro de la Rancher\u00eda, M\u00e9xico 1152, Cidade de Buenos Aires, Argentina<\/li>\n<\/ul>\n<p>20 de abril, 19h00 Concerto no Centro Cultural Recoleta, Jun\u00edn 930, Cidade de Buenos Aires, Argentina<\/p>\n","protected":false},"excerpt":{"rendered":"<p>A MUSLAB \u00e9 uma Mostra Internacional de M\u00fasica Eletroac\u00fastica que visa reunir e divulgar a cria\u00e7\u00e3o e explora\u00e7\u00e3o sonora de artistas de diferentes pa\u00edses do mundo e promover o processo criativo levando-o para a arte cria\u00e7\u00e3o como ponto de encontro multidisciplinar e de comunica\u00e7\u00e3o entre artistas. &nbsp; Procura dar aos artistas acesso a novos f\u00f3runs [&hellip;]<\/p>\n","protected":false},"author":1,"featured_media":15169,"comment_status":"closed","ping_status":"closed","sticky":false,"template":"","format":"standard","meta":{"footnotes":""},"categories":[218],"tags":[],"class_list":["post-15171","post","type-post","status-publish","format-standard","has-post-thumbnail","hentry","category-noticias-generales-pt"],"lang":"pt","translations":{"pt":15171,"es":15168},"pll_sync_post":[],"post_mailing_queue_ids":[],"_links":{"self":[{"href":"http:\/\/staging.ibermusicas.org\/index.php\/wp-json\/wp\/v2\/posts\/15171","targetHints":{"allow":["GET"]}}],"collection":[{"href":"http:\/\/staging.ibermusicas.org\/index.php\/wp-json\/wp\/v2\/posts"}],"about":[{"href":"http:\/\/staging.ibermusicas.org\/index.php\/wp-json\/wp\/v2\/types\/post"}],"author":[{"embeddable":true,"href":"http:\/\/staging.ibermusicas.org\/index.php\/wp-json\/wp\/v2\/users\/1"}],"replies":[{"embeddable":true,"href":"http:\/\/staging.ibermusicas.org\/index.php\/wp-json\/wp\/v2\/comments?post=15171"}],"version-history":[{"count":1,"href":"http:\/\/staging.ibermusicas.org\/index.php\/wp-json\/wp\/v2\/posts\/15171\/revisions"}],"predecessor-version":[{"id":15172,"href":"http:\/\/staging.ibermusicas.org\/index.php\/wp-json\/wp\/v2\/posts\/15171\/revisions\/15172"}],"wp:featuredmedia":[{"embeddable":true,"href":"http:\/\/staging.ibermusicas.org\/index.php\/wp-json\/wp\/v2\/media\/15169"}],"wp:attachment":[{"href":"http:\/\/staging.ibermusicas.org\/index.php\/wp-json\/wp\/v2\/media?parent=15171"}],"wp:term":[{"taxonomy":"category","embeddable":true,"href":"http:\/\/staging.ibermusicas.org\/index.php\/wp-json\/wp\/v2\/categories?post=15171"},{"taxonomy":"post_tag","embeddable":true,"href":"http:\/\/staging.ibermusicas.org\/index.php\/wp-json\/wp\/v2\/tags?post=15171"}],"curies":[{"name":"wp","href":"https:\/\/api.w.org\/{rel}","templated":true}]}}