{"id":15173,"date":"2023-04-03T17:09:56","date_gmt":"2023-04-03T17:09:56","guid":{"rendered":"http:\/\/staging.ibermusicas.org\/?p=15173"},"modified":"2023-05-02T17:45:57","modified_gmt":"2023-05-02T17:45:57","slug":"modinhas-canciones-portuguesas-de-los-siglos-xviii-y-xix-sera-interpretada-en-la-universidad-de-uberlandia-en-brasil","status":"publish","type":"post","link":"http:\/\/staging.ibermusicas.org\/index.php\/modinhas-canciones-portuguesas-de-los-siglos-xviii-y-xix-sera-interpretada-en-la-universidad-de-uberlandia-en-brasil\/","title":{"rendered":"Modinhas, Canciones portuguesas de los siglos XVIII y XIX, ser\u00e1 interpretada en la Universidad de Uberl\u00e2ndia, en Brasil"},"content":{"rendered":"<p>La soprano Liliana Coelho y la especialista musical en instrumentos hist\u00f3ricos de teclado Isabel Calado llevan las Modinhas a Brasil.<\/p>\n<p>&nbsp;<\/p>\n<p>Modinhas &#8211; Canciones portuguesas de los siglos XVIII y XIX tiene como objetivo preservar y difundir el patrimonio cultural portugu\u00e9s. El repertorio incluye obras del Jornal de Modinhas publicadas en Lisboa entre 1792 y 1796, de la Cole\u00e7\u00e3o de Modinhas de Bom Gosto publicada en Viena en 1830 y obras para instrumentos de teclado conservadas en manuscritos de la segunda mitad del siglo XVIII en la Biblioteca Nacional, Lisboa. En la conferencia, mesa redonda y debate se realizar\u00e1 una presentaci\u00f3n hist\u00f3rica contextualizada, as\u00ed como una aproximaci\u00f3n a las particularidades de su interpretaci\u00f3n.<\/p>\n<p>&nbsp;<\/p>\n<p>Lunes 10 de abril a las 19:00 h. Recital. Universidad Federal de Uberl\u00e2ndia, Instituto de Artes, Curso de M\u00fasica, Sala Camargo Guarnieri, bloque 3m Campus Santa M\u00f4nica<\/p>\n<p>&nbsp;<\/p>\n<p>Martes, 11 de abril 16:00 Conferencia, mesa redonda, debate. Universidad Federal de Uberl\u00e2ndia, Instituto de Artes, Curso de M\u00fasica, Sala Camargo Guarnieri, cuadra 3m Campus Santa M\u00f3nica<\/p>\n<p>&nbsp;<\/p>\n<p><a href=\"https:\/\/modinhas2021.wixsite.com\/website\/p%C3%A1gina-em-branco-1\">https:\/\/modinhas2021.wixsite.com\/website\/p%C3%A1gina-em-branco-1<\/a><\/p>\n<p><a href=\"https:\/\/www.facebook.com\/photo\/?fbid=10218600713207643&amp;set=a.1025442374929\">https:\/\/www.facebook.com\/photo\/?fbid=10218600713207643&amp;set=a.1025442374929<\/a><\/p>\n<p><a href=\"https:\/\/www.facebook.com\/photo?fbid=10218600712087615&amp;set=a.102544237492\">https:\/\/www.facebook.com\/photo?fbid=10218600712087615&amp;set=a.102544237492<\/a><\/p>\n","protected":false},"excerpt":{"rendered":"<p>La soprano Liliana Coelho y la especialista musical en instrumentos hist\u00f3ricos de teclado Isabel Calado llevan las Modinhas a Brasil. &nbsp; Modinhas &#8211; Canciones portuguesas de los siglos XVIII y XIX tiene como objetivo preservar y difundir el patrimonio cultural portugu\u00e9s. El repertorio incluye obras del Jornal de Modinhas publicadas en Lisboa entre 1792 y [&hellip;]<\/p>\n","protected":false},"author":1,"featured_media":15174,"comment_status":"closed","ping_status":"closed","sticky":false,"template":"","format":"standard","meta":{"footnotes":""},"categories":[53],"tags":[],"class_list":["post-15173","post","type-post","status-publish","format-standard","has-post-thumbnail","hentry","category-noticias-generales"],"lang":"es","translations":{"es":15173,"pt":15176},"pll_sync_post":[],"post_mailing_queue_ids":[],"_links":{"self":[{"href":"http:\/\/staging.ibermusicas.org\/index.php\/wp-json\/wp\/v2\/posts\/15173","targetHints":{"allow":["GET"]}}],"collection":[{"href":"http:\/\/staging.ibermusicas.org\/index.php\/wp-json\/wp\/v2\/posts"}],"about":[{"href":"http:\/\/staging.ibermusicas.org\/index.php\/wp-json\/wp\/v2\/types\/post"}],"author":[{"embeddable":true,"href":"http:\/\/staging.ibermusicas.org\/index.php\/wp-json\/wp\/v2\/users\/1"}],"replies":[{"embeddable":true,"href":"http:\/\/staging.ibermusicas.org\/index.php\/wp-json\/wp\/v2\/comments?post=15173"}],"version-history":[{"count":1,"href":"http:\/\/staging.ibermusicas.org\/index.php\/wp-json\/wp\/v2\/posts\/15173\/revisions"}],"predecessor-version":[{"id":15175,"href":"http:\/\/staging.ibermusicas.org\/index.php\/wp-json\/wp\/v2\/posts\/15173\/revisions\/15175"}],"wp:featuredmedia":[{"embeddable":true,"href":"http:\/\/staging.ibermusicas.org\/index.php\/wp-json\/wp\/v2\/media\/15174"}],"wp:attachment":[{"href":"http:\/\/staging.ibermusicas.org\/index.php\/wp-json\/wp\/v2\/media?parent=15173"}],"wp:term":[{"taxonomy":"category","embeddable":true,"href":"http:\/\/staging.ibermusicas.org\/index.php\/wp-json\/wp\/v2\/categories?post=15173"},{"taxonomy":"post_tag","embeddable":true,"href":"http:\/\/staging.ibermusicas.org\/index.php\/wp-json\/wp\/v2\/tags?post=15173"}],"curies":[{"name":"wp","href":"https:\/\/api.w.org\/{rel}","templated":true}]}}