{"id":15176,"date":"2023-04-03T17:11:00","date_gmt":"2023-04-03T17:11:00","guid":{"rendered":"http:\/\/staging.ibermusicas.org\/?p=15176"},"modified":"2023-05-02T17:48:53","modified_gmt":"2023-05-02T17:48:53","slug":"modinhas-canciones-portuguesas-de-los-siglos-xviii-y-xix-sera-interpretada-en-la-universidad-de-uberlandia-en-brasil-2","status":"publish","type":"post","link":"http:\/\/staging.ibermusicas.org\/index.php\/modinhas-canciones-portuguesas-de-los-siglos-xviii-y-xix-sera-interpretada-en-la-universidad-de-uberlandia-en-brasil-2\/","title":{"rendered":"Modinhas, Can\u00e7\u00f5es portuguesas dos S\u00e9culos XVIII e XIX, se apresentar\u00e3o na Universidade de Uberl\u00e2ndia, no Brasil"},"content":{"rendered":"<p>A soprano Liliana Coelho e a m\u00fasica especializada em<\/p>\n<p>instrumentos de tecla hist\u00f3ricos Isabel Calado levam para o Brasil as Modinhas.<\/p>\n<p>&nbsp;<\/p>\n<p>Modinhas &#8211; Can\u00e7\u00f5es Portuguesas dos s\u00e9culos XVIII e XIX tem como objetivo preservar e divulgar o patrim\u00f3nio cultural portugu\u00eas. O repert\u00f3rio inclui obras do Jornal de Modinhas publicadas em Lisboa entre 1792 e 1796, da Cole\u00e7\u00e3o de Modinhas de Bom Gosto publicadas em Viena em 1830 e obras para instrumentos de tecla preservados em manuscritos da segunda metade do s\u00e9culo XVIII na Biblioteca Nacional, Lisboa. Na palestra, mesa-redonda e debate ser\u00e1 feita uma apresenta\u00e7\u00e3o hist\u00f3rica contextualizada assim como uma abordagem das particularidades da sua interpreta\u00e7\u00e3o.<\/p>\n<p>&nbsp;<\/p>\n<p>&nbsp;<\/p>\n<p>Segunda-feira 10 de abril 19:00 hs. Recital. Universidade Federal De Uberl\u00e2ndia, Instituto De Artes, Curso De M\u00fasica, Sala Camargo Guarnieri, bloco 3m Campus Santa M\u00f4nica<\/p>\n<p>&nbsp;<\/p>\n<p>Ter\u00e7a-feira 11 de abril 16:00 Palestra, mesa redonda, debate. Universidade Federal De Uberl\u00e2ndia, Instituto De Artes, Curso De M\u00fasica, Sala Camargo Guarnieri, bloco 3m Campus Santa M\u00f4nica<\/p>\n<p>&nbsp;<\/p>\n<p><a href=\"https:\/\/modinhas2021.wixsite.com\/website\/p%C3%A1gina-em-branco-1\">https:\/\/modinhas2021.wixsite.com\/website\/p%C3%A1gina-em-branco-1<\/a><\/p>\n<p><a href=\"https:\/\/www.facebook.com\/photo\/?fbid=10218600713207643&amp;set=a.1025442374929\">https:\/\/www.facebook.com\/photo\/?fbid=10218600713207643&amp;set=a.1025442374929<\/a><\/p>\n<p><a href=\"https:\/\/www.facebook.com\/photo?fbid=10218600712087615&amp;set=a.102544237492\">https:\/\/www.facebook.com\/photo?fbid=10218600712087615&amp;set=a.102544237492<\/a><\/p>\n","protected":false},"excerpt":{"rendered":"<p>A soprano Liliana Coelho e a m\u00fasica especializada em instrumentos de tecla hist\u00f3ricos Isabel Calado levam para o Brasil as Modinhas. &nbsp; Modinhas &#8211; Can\u00e7\u00f5es Portuguesas dos s\u00e9culos XVIII e XIX tem como objetivo preservar e divulgar o patrim\u00f3nio cultural portugu\u00eas. O repert\u00f3rio inclui obras do Jornal de Modinhas publicadas em Lisboa entre 1792 e [&hellip;]<\/p>\n","protected":false},"author":1,"featured_media":15174,"comment_status":"closed","ping_status":"closed","sticky":false,"template":"","format":"standard","meta":{"footnotes":""},"categories":[218],"tags":[],"class_list":["post-15176","post","type-post","status-publish","format-standard","has-post-thumbnail","hentry","category-noticias-generales-pt"],"lang":"pt","translations":{"pt":15176,"es":15173},"pll_sync_post":[],"post_mailing_queue_ids":[],"_links":{"self":[{"href":"http:\/\/staging.ibermusicas.org\/index.php\/wp-json\/wp\/v2\/posts\/15176","targetHints":{"allow":["GET"]}}],"collection":[{"href":"http:\/\/staging.ibermusicas.org\/index.php\/wp-json\/wp\/v2\/posts"}],"about":[{"href":"http:\/\/staging.ibermusicas.org\/index.php\/wp-json\/wp\/v2\/types\/post"}],"author":[{"embeddable":true,"href":"http:\/\/staging.ibermusicas.org\/index.php\/wp-json\/wp\/v2\/users\/1"}],"replies":[{"embeddable":true,"href":"http:\/\/staging.ibermusicas.org\/index.php\/wp-json\/wp\/v2\/comments?post=15176"}],"version-history":[{"count":2,"href":"http:\/\/staging.ibermusicas.org\/index.php\/wp-json\/wp\/v2\/posts\/15176\/revisions"}],"predecessor-version":[{"id":15178,"href":"http:\/\/staging.ibermusicas.org\/index.php\/wp-json\/wp\/v2\/posts\/15176\/revisions\/15178"}],"wp:featuredmedia":[{"embeddable":true,"href":"http:\/\/staging.ibermusicas.org\/index.php\/wp-json\/wp\/v2\/media\/15174"}],"wp:attachment":[{"href":"http:\/\/staging.ibermusicas.org\/index.php\/wp-json\/wp\/v2\/media?parent=15176"}],"wp:term":[{"taxonomy":"category","embeddable":true,"href":"http:\/\/staging.ibermusicas.org\/index.php\/wp-json\/wp\/v2\/categories?post=15176"},{"taxonomy":"post_tag","embeddable":true,"href":"http:\/\/staging.ibermusicas.org\/index.php\/wp-json\/wp\/v2\/tags?post=15176"}],"curies":[{"name":"wp","href":"https:\/\/api.w.org\/{rel}","templated":true}]}}